{"id":5013,"date":"2025-10-21T13:00:46","date_gmt":"2025-10-21T16:00:46","guid":{"rendered":"https:\/\/powertuning.com.br\/?p=5013"},"modified":"2025-10-21T12:15:10","modified_gmt":"2025-10-21T15:15:10","slug":"consultores-power-tuning-marcam-presenca-na-mvp-conf-2025","status":"publish","type":"post","link":"https:\/\/powertuning.com.br\/blog\/consultores-power-tuning-marcam-presenca-na-mvp-conf-2025\/","title":{"rendered":"Consultores Power Tuning marcam presen\u00e7a na MVP Conf 2025!"},"content":{"rendered":"<p data-start=\"398\" data-end=\"673\">A Power tem o compromisso com a excel\u00eancia t\u00e9cnica\u00a0e o compartilhamento de conhecimento. E essa ess\u00eancia se comprova mais uma vez com a participa\u00e7\u00e3o ativa no maior evento da comunidade Microsoft no Brasil: a MVP Conf 2025.<\/p>\n<p data-start=\"675\" data-end=\"895\">Este ano, tr\u00eas consultores do nosso time foram convidados para palestrar no evento e compartilhar suas experi\u00eancias com a comunidade. Mais do que uma presen\u00e7a, \u00e9 uma demonstra\u00e7\u00e3o de protagonismo t\u00e9cnico e motivo de orgulho para toda a Power!<\/p>\n<h3><strong>O que \u00e9 a MVP Conf?<\/strong><\/h3>\n<p data-start=\"1554\" data-end=\"1831\"><strong>A MVP Conf \u00e9 o principal evento da comunidade Microsoft no Brasil.<\/strong> Organizado por MVPs brasileiros, o evento re\u00fane profissionais de todo o pa\u00eds com o objetivo de compartilhar conhecimento t\u00e9cnico, fomentar conex\u00f5es e gerar impacto social por meio da tecnologia.<\/p>\n<p data-start=\"1833\" data-end=\"2026\">O evento aconteceu nos dias <strong>24 e 25 de Outubro<\/strong>, no Campus da UNIP em S\u00e3o Paulo, e traz dezenas de trilhas t\u00e9cnicas, com foco em dados, desenvolvimento, cloud, IA e seguran\u00e7a.<\/p>\n<h3><strong>Um time com DNA MVP.<\/strong><\/h3>\n<p data-start=\"1046\" data-end=\"1239\">Contamos com um time de elite, formado por especialistas que s\u00e3o ou j\u00e1 foram reconhecidos como <strong data-start=\"1146\" data-end=\"1192\">Microsoft MVP (Most Valuable Professional), <\/strong>uma das maiores honrarias t\u00e9cnicas do setor.<\/p>\n<p data-start=\"1046\" data-end=\"1239\">Acreditamos que o conhecimento s\u00f3 tem valor real quando \u00e9 compartilhado. Por isso, incentivamos ativamente nossos consultores a palestrar, escrever, participar de eventos, contribuir com projetos e fortalecer o ecossistema de tecnologia no Brasil.<\/p>\n<p data-start=\"1241\" data-end=\"1390\">Esse reconhecimento \u00e9 concedido a profissionais altamente engajados com a comunidade, que compartilham seu conhecimento com qualidade e impacto real. Estar em um evento criado <strong data-start=\"1418\" data-end=\"1437\">por e para MVPs<\/strong>, como a MVP Conf, \u00e9 mais do que simb\u00f3lico: \u00e9 natural para um time como o da Power.<\/p>\n<p><strong>Representantes da Power na MVP Conf 2025.<\/strong><\/p>\n<p>A presen\u00e7a da Power na MVP Conf 2025 \u00e9 marcada por nomes de peso do nosso time t\u00e9cnico. S\u00e3o profissionais com grande bagagem no mercado e, acima de tudo, comprometidos com a miss\u00e3o de compartilhar conhecimento e fortalecer a comunidade.<\/p>\n<ul>\n<li><strong>Alison Pezzott<br \/>\nTech Leader na Power | Especialista em Dados | Instrutor | Microsoft MVP<\/strong><\/li>\n<\/ul>\n<p><strong><img loading=\"lazy\" decoding=\"async\" data-attachment-id=\"5018\" data-permalink=\"https:\/\/powertuning.com.br\/blog\/consultores-power-tuning-marcam-presenca-na-mvp-conf-2025\/carrossel-alison-mvp-conf-1\/\" data-orig-file=\"https:\/\/powertuning.com.br\/blog\/wp-content\/uploads\/2025\/10\/Carrossel-Alison-MVP-Conf-1.jpg\" data-orig-size=\"1071,1439\" data-comments-opened=\"0\" data-image-meta=\"{&quot;aperture&quot;:&quot;0&quot;,&quot;credit&quot;:&quot;&quot;,&quot;camera&quot;:&quot;&quot;,&quot;caption&quot;:&quot;&quot;,&quot;created_timestamp&quot;:&quot;0&quot;,&quot;copyright&quot;:&quot;&quot;,&quot;focal_length&quot;:&quot;0&quot;,&quot;iso&quot;:&quot;0&quot;,&quot;shutter_speed&quot;:&quot;0&quot;,&quot;title&quot;:&quot;&quot;,&quot;orientation&quot;:&quot;0&quot;}\" data-image-title=\"Carrossel Alison &amp;#8211; MVP Conf 1\" data-image-description=\"\" data-image-caption=\"\" data-large-file=\"https:\/\/powertuning.com.br\/blog\/wp-content\/uploads\/2025\/10\/Carrossel-Alison-MVP-Conf-1-762x1024.jpg\" class=\"alignnone size-medium wp-image-5018\" src=\"https:\/\/powertuning.com.br\/blog\/wp-content\/uploads\/2025\/10\/Carrossel-Alison-MVP-Conf-1-223x300.jpg\" alt=\"\" width=\"223\" height=\"300\" srcset=\"https:\/\/powertuning.com.br\/blog\/wp-content\/uploads\/2025\/10\/Carrossel-Alison-MVP-Conf-1-223x300.jpg 223w, https:\/\/powertuning.com.br\/blog\/wp-content\/uploads\/2025\/10\/Carrossel-Alison-MVP-Conf-1-762x1024.jpg 762w, https:\/\/powertuning.com.br\/blog\/wp-content\/uploads\/2025\/10\/Carrossel-Alison-MVP-Conf-1-768x1032.jpg 768w, https:\/\/powertuning.com.br\/blog\/wp-content\/uploads\/2025\/10\/Carrossel-Alison-MVP-Conf-1-1024x1376.jpg 1024w, https:\/\/powertuning.com.br\/blog\/wp-content\/uploads\/2025\/10\/Carrossel-Alison-MVP-Conf-1-804x1080.jpg 804w, https:\/\/powertuning.com.br\/blog\/wp-content\/uploads\/2025\/10\/Carrossel-Alison-MVP-Conf-1.jpg 1071w\" sizes=\"auto, (max-width: 223px) 100vw, 223px\" \/><br \/>\n<\/strong><\/p>\n<p class=\"article-editor-paragraph\">Alison Pezzott \u00e9 <strong>Microsoft MVP<\/strong> na categoria Data Platform, com forte atua\u00e7\u00e3o no ecossistema Microsoft, especialmente com <strong>Power BI<\/strong>, <strong>Microsoft Fabric<\/strong>, <strong>Power Query<\/strong> e <strong>Azure Data<\/strong>. Atua como <strong>Tech Leader na Power<\/strong>, onde lidera projetos estrat\u00e9gicos de dados e capacita equipes t\u00e9cnicas.<\/p>\n<p class=\"article-editor-paragraph\">\u00c9 tamb\u00e9m <strong>instrutor<\/strong>, <strong>mentor<\/strong>, <strong>palestrante em eventos nacionais<\/strong> e criador de conte\u00fado t\u00e9cnico, sempre com foco em performance, governan\u00e7a e melhores pr\u00e1ticas para times de dados.<\/p>\n<p class=\"article-editor-paragraph\">Sua abordagem pr\u00e1tica, did\u00e1tica e alinhada \u00e0s tend\u00eancias do mercado faz dele um dos grandes nomes da comunidade de dados no Brasil.<\/p>\n<p class=\"article-editor-paragraph\"><strong>PALESTRA 1: <\/strong>Microsoft Power BI n\u00e3o versus, mas plus Microsoft Fabric<\/p>\n<p class=\"article-editor-paragraph\">Data: 24\/10 (Sexta-feira)<\/p>\n<p class=\"article-editor-paragraph\">Hor\u00e1rio: 11h<\/p>\n<p class=\"article-editor-paragraph\">Local: UNIP Campus &#8211; Trilha Data Platform | Sala 1<\/p>\n<div class=\"article-editor-horizontal-rule__container\" contenteditable=\"false\">\n<hr class=\"article-editor-horizontal-rule\" \/>\n<div class=\"article-editor-horizontal-rule__delete-button-container\"><\/div>\n<\/div>\n<p class=\"article-editor-paragraph\"><strong>PALESTRA 2: <\/strong>CI\/CD com Microsoft Fabric<\/p>\n<p class=\"article-editor-paragraph\">Data: 25\/10 (S\u00e1bado)<\/p>\n<p class=\"article-editor-paragraph\">Hor\u00e1rio: 17h<\/p>\n<p class=\"article-editor-paragraph\">Local: UNIP Campus &#8211; Trilha Data Platform | Sala 1<\/p>\n<div class=\"article-editor-horizontal-rule__container\" contenteditable=\"false\">\n<hr class=\"article-editor-horizontal-rule\" \/>\n<div class=\"article-editor-horizontal-rule__delete-button-container\"><\/div>\n<\/div>\n<p class=\"article-editor-paragraph\"><strong>PALESTRA 3: <\/strong>Power Query &#8211; Como trabalhar de forma profissional com a\u00e7\u00f5es em Listas, Recursividade e Loops<\/p>\n<p class=\"article-editor-paragraph\">Data: 24\/10 (Sexta-feira)<\/p>\n<p class=\"article-editor-paragraph\">Hor\u00e1rio: 15h<\/p>\n<p class=\"article-editor-paragraph\">Local: UNIP Campus &#8211; Trilha Data Platform | Sala 1<\/p>\n<p class=\"article-editor-paragraph\"><a class=\"article-editor-link article-editor-link article-editor-link\" href=\"https:\/\/www.instagram.com\/p\/DP1EDKdDwCX\/?utm_source=ig_web_copy_link&amp;igsh=MzRlODBiNWFlZA==\" rel=\"noopener noreferrer\"><strong>Confira a postagem no Instagram.<\/strong><\/a><\/p>\n<div class=\"article-editor-horizontal-rule__container\" contenteditable=\"false\">\n<hr class=\"article-editor-horizontal-rule\" \/>\n<div class=\"article-editor-horizontal-rule__delete-button-container\"><\/div>\n<\/div>\n<ul>\n<li><strong>Rodrigo Dornel<br \/>\nMicrosoft MVP Alumni | Azure Data Engineer | Professor | Executivo na Power Tuning<\/strong><\/li>\n<\/ul>\n<p><img loading=\"lazy\" decoding=\"async\" data-attachment-id=\"5016\" data-permalink=\"https:\/\/powertuning.com.br\/blog\/consultores-power-tuning-marcam-presenca-na-mvp-conf-2025\/carrossel-rodrigo-mvp-conf-1\/\" data-orig-file=\"https:\/\/powertuning.com.br\/blog\/wp-content\/uploads\/2025\/10\/Carrossel-Rodrigo-MVP-Conf-1.jpg\" data-orig-size=\"1071,1440\" data-comments-opened=\"0\" data-image-meta=\"{&quot;aperture&quot;:&quot;0&quot;,&quot;credit&quot;:&quot;&quot;,&quot;camera&quot;:&quot;&quot;,&quot;caption&quot;:&quot;&quot;,&quot;created_timestamp&quot;:&quot;0&quot;,&quot;copyright&quot;:&quot;&quot;,&quot;focal_length&quot;:&quot;0&quot;,&quot;iso&quot;:&quot;0&quot;,&quot;shutter_speed&quot;:&quot;0&quot;,&quot;title&quot;:&quot;&quot;,&quot;orientation&quot;:&quot;0&quot;}\" data-image-title=\"Carrossel Rodrigo &amp;#8211; MVP Conf 1\" data-image-description=\"\" data-image-caption=\"\" data-large-file=\"https:\/\/powertuning.com.br\/blog\/wp-content\/uploads\/2025\/10\/Carrossel-Rodrigo-MVP-Conf-1-762x1024.jpg\" class=\"alignnone size-medium wp-image-5016\" src=\"https:\/\/powertuning.com.br\/blog\/wp-content\/uploads\/2025\/10\/Carrossel-Rodrigo-MVP-Conf-1-223x300.jpg\" alt=\"\" width=\"223\" height=\"300\" srcset=\"https:\/\/powertuning.com.br\/blog\/wp-content\/uploads\/2025\/10\/Carrossel-Rodrigo-MVP-Conf-1-223x300.jpg 223w, https:\/\/powertuning.com.br\/blog\/wp-content\/uploads\/2025\/10\/Carrossel-Rodrigo-MVP-Conf-1-762x1024.jpg 762w, https:\/\/powertuning.com.br\/blog\/wp-content\/uploads\/2025\/10\/Carrossel-Rodrigo-MVP-Conf-1-768x1033.jpg 768w, https:\/\/powertuning.com.br\/blog\/wp-content\/uploads\/2025\/10\/Carrossel-Rodrigo-MVP-Conf-1-1024x1377.jpg 1024w, https:\/\/powertuning.com.br\/blog\/wp-content\/uploads\/2025\/10\/Carrossel-Rodrigo-MVP-Conf-1-803x1080.jpg 803w, https:\/\/powertuning.com.br\/blog\/wp-content\/uploads\/2025\/10\/Carrossel-Rodrigo-MVP-Conf-1.jpg 1071w\" sizes=\"auto, (max-width: 223px) 100vw, 223px\" \/><\/p>\n<p data-start=\"267\" data-end=\"562\">Rodrigo \u00e9 <strong data-start=\"277\" data-end=\"301\">Microsoft MVP Alumni<\/strong>, com sete anos de premia\u00e7\u00e3o consecutiva (2016\u20132023), al\u00e9m de <strong data-start=\"363\" data-end=\"400\">Microsoft Certified Trainer (MCT)<\/strong> e <strong data-start=\"403\" data-end=\"410\">MCP<\/strong> desde 2007. \u00c9 <strong data-start=\"425\" data-end=\"458\">Mestre em Computa\u00e7\u00e3o Aplicada<\/strong>, <strong data-start=\"460\" data-end=\"487\">professor universit\u00e1rio<\/strong>, e atua h\u00e1 mais de 10 anos como <strong data-start=\"520\" data-end=\"561\">organizador do SQL Saturday Joinville<\/strong>.<\/p>\n<p data-start=\"564\" data-end=\"780\">Na Power Tuning, atua como <strong data-start=\"591\" data-end=\"604\">consultor<\/strong> e <strong data-start=\"607\" data-end=\"647\">executivo de vendas e relacionamento<\/strong>, al\u00e9m de ser um palestrante ativo na comunidade t\u00e9cnica \u2014 sempre trazendo temas atuais como Power BI, Copilot e engenharia de dados.<\/p>\n<p data-start=\"564\" data-end=\"780\"><strong>PALESTRA: <\/strong>Potencializando seus insights com Copilot e Power BI<\/p>\n<div class=\"\">Data: 24\/10 (Sexta-feira)<\/div>\n<div class=\"\">Hor\u00e1rio: 14:00<\/div>\n<div class=\"\">Local: UNIP Campus \u2013 Trilha Data Platform &#8211; Sala 2<\/div>\n<div><\/div>\n<div><a href=\"https:\/\/www.instagram.com\/p\/DP1fgPqARNn\/?utm_source=ig_web_copy_link\">Confira a postagem no Instagram.<\/a><\/div>\n<div><\/div>\n<ul>\n<li><strong><strong>Fabiano Amorim<br \/>\n<\/strong><\/strong><\/p>\n<p data-start=\"285\" data-end=\"366\"><strong data-start=\"285\" data-end=\"366\">Especialista em SQL Server | Microsoft MVP Alumni | Consultor na Power Tuning<\/strong><\/p>\n<p data-start=\"368\" data-end=\"596\"><img loading=\"lazy\" decoding=\"async\" data-attachment-id=\"5017\" data-permalink=\"https:\/\/powertuning.com.br\/blog\/consultores-power-tuning-marcam-presenca-na-mvp-conf-2025\/carrossel-fabiano-mvp-conf-1\/\" data-orig-file=\"https:\/\/powertuning.com.br\/blog\/wp-content\/uploads\/2025\/10\/Carrossel-Fabiano-MVP-Conf-1.jpg\" data-orig-size=\"1066,1440\" data-comments-opened=\"0\" data-image-meta=\"{&quot;aperture&quot;:&quot;0&quot;,&quot;credit&quot;:&quot;&quot;,&quot;camera&quot;:&quot;&quot;,&quot;caption&quot;:&quot;&quot;,&quot;created_timestamp&quot;:&quot;0&quot;,&quot;copyright&quot;:&quot;&quot;,&quot;focal_length&quot;:&quot;0&quot;,&quot;iso&quot;:&quot;0&quot;,&quot;shutter_speed&quot;:&quot;0&quot;,&quot;title&quot;:&quot;&quot;,&quot;orientation&quot;:&quot;0&quot;}\" data-image-title=\"Carrossel Fabiano &amp;#8211; MVP Conf 1\" data-image-description=\"\" data-image-caption=\"\" data-large-file=\"https:\/\/powertuning.com.br\/blog\/wp-content\/uploads\/2025\/10\/Carrossel-Fabiano-MVP-Conf-1-758x1024.jpg\" class=\"alignnone size-medium wp-image-5017\" src=\"https:\/\/powertuning.com.br\/blog\/wp-content\/uploads\/2025\/10\/Carrossel-Fabiano-MVP-Conf-1-222x300.jpg\" alt=\"\" width=\"222\" height=\"300\" srcset=\"https:\/\/powertuning.com.br\/blog\/wp-content\/uploads\/2025\/10\/Carrossel-Fabiano-MVP-Conf-1-222x300.jpg 222w, https:\/\/powertuning.com.br\/blog\/wp-content\/uploads\/2025\/10\/Carrossel-Fabiano-MVP-Conf-1-758x1024.jpg 758w, https:\/\/powertuning.com.br\/blog\/wp-content\/uploads\/2025\/10\/Carrossel-Fabiano-MVP-Conf-1-768x1037.jpg 768w, https:\/\/powertuning.com.br\/blog\/wp-content\/uploads\/2025\/10\/Carrossel-Fabiano-MVP-Conf-1-1024x1383.jpg 1024w, https:\/\/powertuning.com.br\/blog\/wp-content\/uploads\/2025\/10\/Carrossel-Fabiano-MVP-Conf-1-800x1080.jpg 800w, https:\/\/powertuning.com.br\/blog\/wp-content\/uploads\/2025\/10\/Carrossel-Fabiano-MVP-Conf-1.jpg 1066w\" sizes=\"auto, (max-width: 222px) 100vw, 222px\" \/><\/p>\n<\/li>\n<\/ul>\n<p data-start=\"368\" data-end=\"596\">Fabiano Amorim \u00e9 um dos principais nomes em <strong data-start=\"412\" data-end=\"426\">SQL Server<\/strong> no Brasil. \u00c9 <strong data-start=\"440\" data-end=\"464\">Microsoft MVP Alumni<\/strong>, com mais de uma d\u00e9cada dedicada \u00e0 <strong data-start=\"500\" data-end=\"547\">otimiza\u00e7\u00e3o de performance de banco de dados<\/strong>, <strong data-start=\"549\" data-end=\"562\">seguran\u00e7a<\/strong> e <strong data-start=\"565\" data-end=\"595\">melhores pr\u00e1ticas em T-SQL<\/strong>.<\/p>\n<p data-start=\"598\" data-end=\"812\">Atua como <strong data-start=\"608\" data-end=\"644\">consultor s\u00eanior na Power Tuning<\/strong>, al\u00e9m de ser <strong data-start=\"658\" data-end=\"687\">palestrante internacional<\/strong>, instrutor, autor de cursos, e presen\u00e7a constante nos principais eventos da \u00e1rea, como SQL Saturday, PASS Summit e MVP Conf.<\/p>\n<p data-start=\"814\" data-end=\"974\">Reconhecido pela did\u00e1tica e profundidade t\u00e9cnica, Fabiano tem como miss\u00e3o ajudar empresas a extra\u00edrem o m\u00e1ximo de desempenho e seguran\u00e7a de suas bases de dados.<\/p>\n<p data-start=\"564\" data-end=\"780\"><strong>PALESTRA: <\/strong>The Injection Game \u2013 Expondo Vulnerabilidades de SQL Injection com ScriptDom<\/p>\n<div class=\"\">\n<div class=\"\">Data: 25\/10 (S\u00e1bado)<\/div>\n<div class=\"\">Hor\u00e1rio: 16:00<\/div>\n<div class=\"\">\n<p>Local: UNIP Campus \u2013 Trilha Data Platform | Sala 1<\/p>\n<p><a href=\"https:\/\/www.instagram.com\/p\/DP10G3Zj5fr\/?utm_source=ig_web_copy_link\">Confira a postagem no Instagram.<\/a><\/p>\n<p>&nbsp;<\/p>\n<\/div>\n<\/div>\n<p data-start=\"671\" data-end=\"899\">Estarmos no maior evento da comunidade Microsoft do pa\u00eds, com tr\u00eas representantes do nosso time palestrando, \u00e9 motivo de orgulho mas tamb\u00e9m um lembrete de que <strong data-start=\"832\" data-end=\"867\">inspirar, ensinar e transformar<\/strong> fazem parte do nosso dia a dia.<\/p>\n<p data-start=\"901\" data-end=\"1010\">Esperamos ver voc\u00ea por l\u00e1, fortalecendo essa rede de aprendizado e colabora\u00e7\u00e3o.<br data-start=\"980\" data-end=\"983\" \/>Nos vemos na MVP Conf 2025!<\/p>\n","protected":false},"excerpt":{"rendered":"<p>A Power tem o compromisso com a excel\u00eancia t\u00e9cnica\u00a0e o compartilhamento de conhecimento. E essa ess\u00eancia se comprova mais uma vez com a participa\u00e7\u00e3o ativa no maior evento da comunidade Microsoft no Brasil: a MVP Conf 2025. Este ano, tr\u00eas consultores do nosso time foram convidados para palestrar no evento e compartilhar suas experi\u00eancias com&hellip; <br \/> <a class=\"read-more\" href=\"https:\/\/powertuning.com.br\/blog\/consultores-power-tuning-marcam-presenca-na-mvp-conf-2025\/\">Leia mais<\/a><\/p>\n","protected":false},"author":27,"featured_media":5019,"comment_status":"closed","ping_status":"closed","sticky":false,"template":"","format":"standard","meta":{"content-type":"","_exactmetrics_skip_tracking":false,"_exactmetrics_sitenote_active":false,"_exactmetrics_sitenote_note":"","_exactmetrics_sitenote_category":0,"jetpack_post_was_ever_published":false,"_jetpack_newsletter_access":"","_jetpack_dont_email_post_to_subs":false,"_jetpack_newsletter_tier_id":0,"_jetpack_memberships_contains_paywalled_content":false,"_jetpack_memberships_contains_paid_content":false,"footnotes":""},"categories":[176,558,7,8,1],"tags":[419,682,674,677,678,673,161,687,675,122,679,447,50,685,680,537,635,684,672,681,336,27,676,22,683,274,35,454,686],"class_list":["post-5013","post","type-post","status-publish","format-standard","has-post-thumbnail","hentry","category-banco-de-dados","category-marketing","category-noticias","category-palestras-e-eventos","category-sem-categoria","tag-tecnologia","tag-alison-pezzott","tag-azure-data","tag-ci-cd","tag-compartilhamento-de-conhecimento","tag-comunidade-microsoft","tag-copilot","tag-cultura-de-compartilhamento","tag-data-platform","tag-engenharia-de-dados","tag-evento-tecnico","tag-eventos-de-tecnologia","tag-fabiano-amorim","tag-governanca-de-dados","tag-microsoft-brasil","tag-microsoft-fabric","tag-microsoft-mvp","tag-mvp-alumni","tag-mvp-conf-2025","tag-palestrantes-mvp","tag-performance-de-banco-de-dados","tag-power-bi","tag-power-query","tag-power-tuning","tag-rodrigo-dornel","tag-seguranca-de-dados","tag-sql-server","tag-transformacao-digital","tag-unip-sao-paulo"],"jetpack_featured_media_url":"https:\/\/powertuning.com.br\/blog\/wp-content\/uploads\/2025\/10\/Capa-Blog-Hoje.jpg","jetpack_sharing_enabled":true,"_links":{"self":[{"href":"https:\/\/powertuning.com.br\/blog\/wp-json\/wp\/v2\/posts\/5013","targetHints":{"allow":["GET"]}}],"collection":[{"href":"https:\/\/powertuning.com.br\/blog\/wp-json\/wp\/v2\/posts"}],"about":[{"href":"https:\/\/powertuning.com.br\/blog\/wp-json\/wp\/v2\/types\/post"}],"author":[{"embeddable":true,"href":"https:\/\/powertuning.com.br\/blog\/wp-json\/wp\/v2\/users\/27"}],"replies":[{"embeddable":true,"href":"https:\/\/powertuning.com.br\/blog\/wp-json\/wp\/v2\/comments?post=5013"}],"version-history":[{"count":1,"href":"https:\/\/powertuning.com.br\/blog\/wp-json\/wp\/v2\/posts\/5013\/revisions"}],"predecessor-version":[{"id":5020,"href":"https:\/\/powertuning.com.br\/blog\/wp-json\/wp\/v2\/posts\/5013\/revisions\/5020"}],"wp:featuredmedia":[{"embeddable":true,"href":"https:\/\/powertuning.com.br\/blog\/wp-json\/wp\/v2\/media\/5019"}],"wp:attachment":[{"href":"https:\/\/powertuning.com.br\/blog\/wp-json\/wp\/v2\/media?parent=5013"}],"wp:term":[{"taxonomy":"category","embeddable":true,"href":"https:\/\/powertuning.com.br\/blog\/wp-json\/wp\/v2\/categories?post=5013"},{"taxonomy":"post_tag","embeddable":true,"href":"https:\/\/powertuning.com.br\/blog\/wp-json\/wp\/v2\/tags?post=5013"}],"curies":[{"name":"wp","href":"https:\/\/api.w.org\/{rel}","templated":true}]}}