{"id":4828,"date":"2025-08-08T15:59:49","date_gmt":"2025-08-08T18:59:49","guid":{"rendered":"https:\/\/powertuning.com.br\/?p=4828"},"modified":"2025-08-11T13:29:45","modified_gmt":"2025-08-11T16:29:45","slug":"power-summit-um-final-de-semana-de-conexao-estrategia-e-diversao-com-o-time-da-power-tuning","status":"publish","type":"post","link":"https:\/\/powertuning.com.br\/blog\/power-summit-um-final-de-semana-de-conexao-estrategia-e-diversao-com-o-time-da-power-tuning\/","title":{"rendered":"Power Summit: um final de semana de conex\u00e3o, estrat\u00e9gia e divers\u00e3o com o time da Power Tuning"},"content":{"rendered":"<p>De 22 a 25 de agosto, Vit\u00f3ria\/ES ser\u00e1 o cen\u00e1rio de mais um momento inesquec\u00edvel para a Power Tuning. Durante tr\u00eas dias, 25 profissionais de diferentes partes do Brasil, todos parte do nosso time estrat\u00e9gico, v\u00e3o se reunir com a vista maravilhosa do Hotel Senac Ilha do Boi para viver o <strong>Power Summit<\/strong>, um encontro presencial recheado de integra\u00e7\u00e3o, aprendizado, divers\u00e3o e defini\u00e7\u00e3o de metas para o futuro da empresa.<\/p>\n<p><img loading=\"lazy\" decoding=\"async\" data-attachment-id=\"4830\" data-permalink=\"https:\/\/powertuning.com.br\/blog\/power-summit-um-final-de-semana-de-conexao-estrategia-e-diversao-com-o-time-da-power-tuning\/attachment\/1754655995584\/\" data-orig-file=\"https:\/\/powertuning.com.br\/blog\/wp-content\/uploads\/2025\/08\/1754655995584.jpg\" data-orig-size=\"1024,575\" data-comments-opened=\"0\" data-image-meta=\"{&quot;aperture&quot;:&quot;0&quot;,&quot;credit&quot;:&quot;&quot;,&quot;camera&quot;:&quot;&quot;,&quot;caption&quot;:&quot;&quot;,&quot;created_timestamp&quot;:&quot;0&quot;,&quot;copyright&quot;:&quot;&quot;,&quot;focal_length&quot;:&quot;0&quot;,&quot;iso&quot;:&quot;0&quot;,&quot;shutter_speed&quot;:&quot;0&quot;,&quot;title&quot;:&quot;&quot;,&quot;orientation&quot;:&quot;0&quot;}\" data-image-title=\"1754655995584\" data-image-description=\"\" data-image-caption=\"\" data-large-file=\"https:\/\/powertuning.com.br\/blog\/wp-content\/uploads\/2025\/08\/1754655995584.jpg\" class=\"alignnone wp-image-4830\" src=\"https:\/\/powertuning.com.br\/blog\/wp-content\/uploads\/2025\/08\/1754655995584.jpg\" alt=\"\" width=\"800\" height=\"449\" srcset=\"https:\/\/powertuning.com.br\/blog\/wp-content\/uploads\/2025\/08\/1754655995584.jpg 1024w, https:\/\/powertuning.com.br\/blog\/wp-content\/uploads\/2025\/08\/1754655995584-300x168.jpg 300w, https:\/\/powertuning.com.br\/blog\/wp-content\/uploads\/2025\/08\/1754655995584-768x431.jpg 768w\" sizes=\"auto, (max-width: 800px) 100vw, 800px\" \/><\/p>\n<p class=\"article-editor-paragraph\">Para uma organiza\u00e7\u00e3o 100% home office como a Power, estar junto fisicamente \u00e9 raro, mas extremamente valioso. \u00c9 quando a tela d\u00e1 lugar ao abra\u00e7o, o emoji vira gargalhada de verdade e o alinhamento se torna ainda mais profundo, com maior qualidade das decis\u00f5es.<\/p>\n<h3 class=\"article-editor-heading\">Muito al\u00e9m de um encontro<\/h3>\n<p class=\"article-editor-paragraph article-editor-content__has-focus\">A realiza\u00e7\u00e3o do Power Summit \u00e9 uma iniciativa do nosso time de <strong>Pessoas &amp; Cultura<\/strong>, que acredita que experi\u00eancias presenciais como essa fortalecem a cultura da empresa, aumentam o sentimento de pertencimento e contribuem diretamente para o engajamento e a reten\u00e7\u00e3o de talentos. Mais do que um evento pontual, \u00e9 um investimento no capital humano que move a Power. Aqui, cada pessoa importa, e a forma como cuidamos disso se reflete em tudo o que fazemos.<\/p>\n<p><img loading=\"lazy\" decoding=\"async\" data-attachment-id=\"4831\" data-permalink=\"https:\/\/powertuning.com.br\/blog\/power-summit-um-final-de-semana-de-conexao-estrategia-e-diversao-com-o-time-da-power-tuning\/idv-power-summit\/\" data-orig-file=\"https:\/\/powertuning.com.br\/blog\/wp-content\/uploads\/2025\/08\/IDV-POWER-SUMMIT-scaled.png\" data-orig-size=\"2557,2560\" data-comments-opened=\"0\" data-image-meta=\"{&quot;aperture&quot;:&quot;0&quot;,&quot;credit&quot;:&quot;&quot;,&quot;camera&quot;:&quot;&quot;,&quot;caption&quot;:&quot;&quot;,&quot;created_timestamp&quot;:&quot;0&quot;,&quot;copyright&quot;:&quot;&quot;,&quot;focal_length&quot;:&quot;0&quot;,&quot;iso&quot;:&quot;0&quot;,&quot;shutter_speed&quot;:&quot;0&quot;,&quot;title&quot;:&quot;&quot;,&quot;orientation&quot;:&quot;0&quot;}\" data-image-title=\"IDV POWER SUMMIT\" data-image-description=\"\" data-image-caption=\"\" data-large-file=\"https:\/\/powertuning.com.br\/blog\/wp-content\/uploads\/2025\/08\/IDV-POWER-SUMMIT-1024x1024.png\" class=\"alignnone wp-image-4831\" src=\"https:\/\/powertuning.com.br\/blog\/wp-content\/uploads\/2025\/08\/IDV-POWER-SUMMIT-1024x1024.png\" alt=\"\" width=\"600\" height=\"601\" srcset=\"https:\/\/powertuning.com.br\/blog\/wp-content\/uploads\/2025\/08\/IDV-POWER-SUMMIT-1024x1025.png 1024w, https:\/\/powertuning.com.br\/blog\/wp-content\/uploads\/2025\/08\/IDV-POWER-SUMMIT-300x300.png 300w, https:\/\/powertuning.com.br\/blog\/wp-content\/uploads\/2025\/08\/IDV-POWER-SUMMIT-150x150.png 150w, https:\/\/powertuning.com.br\/blog\/wp-content\/uploads\/2025\/08\/IDV-POWER-SUMMIT-768x769.png 768w, https:\/\/powertuning.com.br\/blog\/wp-content\/uploads\/2025\/08\/IDV-POWER-SUMMIT-1534x1536.png 1534w, https:\/\/powertuning.com.br\/blog\/wp-content\/uploads\/2025\/08\/IDV-POWER-SUMMIT-2045x2048.png 2045w, https:\/\/powertuning.com.br\/blog\/wp-content\/uploads\/2025\/08\/IDV-POWER-SUMMIT-1079x1080.png 1079w\" sizes=\"auto, (max-width: 600px) 100vw, 600px\" \/><\/p>\n<h3 class=\"article-editor-heading article-editor-content__has-focus\">Surpresas, integra\u00e7\u00e3o e um pouquinho de spoiler<\/h3>\n<p class=\"article-editor-paragraph\">Na chegada, cada integrante ser\u00e1 recebido com um kit de boas-vindas recheado de mimos personalizados, pensados com muito carinho. N\u00e3o vamos contar o que tem dentro (surpresa \u00e9 surpresa!), mas j\u00e1 avisamos: est\u00e1 demais!<\/p>\n<p class=\"article-editor-paragraph\">A programa\u00e7\u00e3o do final de semana equilibra estrat\u00e9gia e leveza: praia, piscina, fotos oficiais, um desafio surpresa pra l\u00e1 de divertido, a <strong>inaugura\u00e7\u00e3o da Power Sala em Itaparica<\/strong>, um evento especial em clima de roda de buteco, um churrasco com toda a equipe do Esp\u00edrito Santo e outras cositas mas&#8230;<\/p>\n<p class=\"article-editor-paragraph\">Tudo isso para celebrar a jornada, alinhar os pr\u00f3ximos passos e refor\u00e7ar os la\u00e7os que nos conectam, mesmo a quil\u00f4metros de dist\u00e2ncia.<\/p>\n<h3 class=\"article-editor-heading\">A Power que acreditamos, na pr\u00e1tica<\/h3>\n<p class=\"article-editor-paragraph\">Na Power Tuning, acreditamos que empresas extraordin\u00e1rias s\u00e3o feitas por pessoas extraordin\u00e1rias. O Power Summit \u00e9 a prova viva de que nossa cultura \u00e9 mais do que discurso: \u00e9 pr\u00e1tica, \u00e9 cuidado, \u00e9 gente.<\/p>\n<p class=\"article-editor-paragraph\">Nos vemos em Vit\u00f3ria. \ud83d\udc99<\/p>\n<p class=\"article-editor-paragraph\">Artigo desenvolvido por: Nina Nogueira (Tech Leader).<\/p>\n","protected":false},"excerpt":{"rendered":"<p>De 22 a 25 de agosto, Vit\u00f3ria\/ES ser\u00e1 o cen\u00e1rio de mais um momento inesquec\u00edvel para a Power Tuning. Durante tr\u00eas dias, 25 profissionais de diferentes partes do Brasil, todos parte do nosso time estrat\u00e9gico, v\u00e3o se reunir com a vista maravilhosa do Hotel Senac Ilha do Boi para viver o Power Summit, um encontro&hellip; <br \/> <a class=\"read-more\" href=\"https:\/\/powertuning.com.br\/blog\/power-summit-um-final-de-semana-de-conexao-estrategia-e-diversao-com-o-time-da-power-tuning\/\">Leia mais<\/a><\/p>\n","protected":false},"author":18,"featured_media":4832,"comment_status":"closed","ping_status":"closed","sticky":false,"template":"","format":"standard","meta":{"content-type":"","_exactmetrics_skip_tracking":false,"_exactmetrics_sitenote_active":false,"_exactmetrics_sitenote_note":"","_exactmetrics_sitenote_category":0,"jetpack_post_was_ever_published":false,"_jetpack_newsletter_access":"","_jetpack_dont_email_post_to_subs":false,"_jetpack_newsletter_tier_id":0,"_jetpack_memberships_contains_paywalled_content":false,"_jetpack_memberships_contains_paid_content":false,"footnotes":""},"categories":[558,7,557],"tags":[613,612,614,611],"class_list":["post-4828","post","type-post","status-publish","format-standard","has-post-thumbnail","hentry","category-marketing","category-noticias","category-pessoas-cultura","tag-conexao","tag-encontro-performatico","tag-estrategia","tag-power-summit"],"jetpack_featured_media_url":"https:\/\/powertuning.com.br\/blog\/wp-content\/uploads\/2025\/08\/CAPA-ARTIGO-BLOG-HOJE.png","jetpack_sharing_enabled":true,"_links":{"self":[{"href":"https:\/\/powertuning.com.br\/blog\/wp-json\/wp\/v2\/posts\/4828","targetHints":{"allow":["GET"]}}],"collection":[{"href":"https:\/\/powertuning.com.br\/blog\/wp-json\/wp\/v2\/posts"}],"about":[{"href":"https:\/\/powertuning.com.br\/blog\/wp-json\/wp\/v2\/types\/post"}],"author":[{"embeddable":true,"href":"https:\/\/powertuning.com.br\/blog\/wp-json\/wp\/v2\/users\/18"}],"replies":[{"embeddable":true,"href":"https:\/\/powertuning.com.br\/blog\/wp-json\/wp\/v2\/comments?post=4828"}],"version-history":[{"count":4,"href":"https:\/\/powertuning.com.br\/blog\/wp-json\/wp\/v2\/posts\/4828\/revisions"}],"predecessor-version":[{"id":4838,"href":"https:\/\/powertuning.com.br\/blog\/wp-json\/wp\/v2\/posts\/4828\/revisions\/4838"}],"wp:featuredmedia":[{"embeddable":true,"href":"https:\/\/powertuning.com.br\/blog\/wp-json\/wp\/v2\/media\/4832"}],"wp:attachment":[{"href":"https:\/\/powertuning.com.br\/blog\/wp-json\/wp\/v2\/media?parent=4828"}],"wp:term":[{"taxonomy":"category","embeddable":true,"href":"https:\/\/powertuning.com.br\/blog\/wp-json\/wp\/v2\/categories?post=4828"},{"taxonomy":"post_tag","embeddable":true,"href":"https:\/\/powertuning.com.br\/blog\/wp-json\/wp\/v2\/tags?post=4828"}],"curies":[{"name":"wp","href":"https:\/\/api.w.org\/{rel}","templated":true}]}}