{"id":4722,"date":"2025-06-30T16:00:44","date_gmt":"2025-06-30T19:00:44","guid":{"rendered":"https:\/\/powertuning.com.br\/?p=4722"},"modified":"2025-06-30T18:33:18","modified_gmt":"2025-06-30T21:33:18","slug":"olhar-de-mae-a-campanha-da-power-tuning-que-enxerga-alem-do-presente","status":"publish","type":"post","link":"https:\/\/powertuning.com.br\/blog\/olhar-de-mae-a-campanha-da-power-tuning-que-enxerga-alem-do-presente\/","title":{"rendered":"&#8220;Olhar de M\u00e3e&#8221;: A campanha da Power Tuning que enxerga al\u00e9m do presente"},"content":{"rendered":"<div style=\"width: 1920px;\" class=\"wp-video\"><video class=\"wp-video-shortcode\" id=\"video-4722-1\" width=\"1920\" height=\"1080\" preload=\"metadata\" controls=\"controls\"><source type=\"video\/mp4\" src=\"https:\/\/powertuning.com.br\/blog\/wp-content\/uploads\/2025\/06\/Design-sem-nome.mp4?_=1\" \/><a href=\"https:\/\/powertuning.com.br\/blog\/wp-content\/uploads\/2025\/06\/Design-sem-nome.mp4\">https:\/\/powertuning.com.br\/blog\/wp-content\/uploads\/2025\/06\/Design-sem-nome.mp4<\/a><\/video><\/div>\n<p class=\"article-editor-paragraph article-editor-content__has-focus\">Toda empresa tem suas tradi\u00e7\u00f5es. Algumas mandam flores, outras um e-mail com um \u201cFeliz Dia das M\u00e3es!\u201d gen\u00e9rico e pronto. Mas na Power Tuning, uma empresa 100% home office, criar la\u00e7os vai muito al\u00e9m de uma mensagem no Whatsapp. A gente sabe que cultura n\u00e3o se constr\u00f3i s\u00f3 com slogans bonitos: ela se constr\u00f3i com significado.<\/p>\n<p class=\"article-editor-paragraph\">Por isso, no m\u00eas passado rolou uma campanha muito especial em comemora\u00e7\u00e3o ao Dia das M\u00e3es. Resolvemos fazer algo que realmente refletisse o jeito Power de cuidar das pessoas. Nasceu assim a campanha <strong>\u201cOlhar de M\u00e3e\u201d<\/strong>, um presente com afeto, pensado no detalhe, criado a v\u00e1rias m\u00e3os e olhos atentos.<\/p>\n<div class=\"article-editor-horizontal-rule__container\" contenteditable=\"false\">\n<hr class=\"article-editor-horizontal-rule\" \/>\n<div class=\"article-editor-horizontal-rule__delete-button-container\"><\/div>\n<\/div>\n<h3 class=\"article-editor-heading\">Presen\u00e7a sem presen\u00e7a f\u00edsica? A gente acredita nisso!<\/h3>\n<p class=\"article-editor-paragraph\">Trabalhar remoto \u00e9 o nosso modelo desde o come\u00e7o. Mas isso n\u00e3o quer dizer que a gente n\u00e3o saiba a import\u00e2ncia do cafezinho, das risadas e do abra\u00e7o de parab\u00e9ns. Pelo contr\u00e1rio: por estarmos distantes fisicamente, somos ainda mais atentos aos v\u00ednculos humanos.<\/p>\n<p class=\"article-editor-paragraph\">\u00c9 a\u00ed que entra o nosso departamento de <strong>Pessoas e Cultura<\/strong>, que trabalha lado a lado com o Marketing para transformar datas comemorativas em oportunidades de conex\u00e3o real. E o Dia das M\u00e3es \u00e9 uma dessas datas que tocam fundo, porque n\u00e3o existe cargo mais intenso, multitarefa e transformador do que ser m\u00e3e (ok, talvez DBA\u2026 mas m\u00e3e ainda ganha!).<\/p>\n<div class=\"article-editor-horizontal-rule__container\" contenteditable=\"false\">\n<hr class=\"article-editor-horizontal-rule\" \/>\n<div class=\"article-editor-horizontal-rule__delete-button-container\"><\/div>\n<\/div>\n<h3 class=\"article-editor-heading\">Personaliza\u00e7\u00e3o com prop\u00f3sito: o \u00f3culos Power M\u00e3e<\/h3>\n<p class=\"article-editor-paragraph\">A ideia da campanha foi simples na teoria, mas poderosa na execu\u00e7\u00e3o: cada m\u00e3e da Power recebeu um <strong>\u00f3culos personalizado<\/strong>, escolhido de acordo com seu estilo. A gente quis que cada presente dissesse, silenciosamente: \u201cA gente te v\u00ea. E v\u00ea voc\u00ea com carinho.\u201d<\/p>\n<p class=\"article-editor-paragraph\">Na haste e no estojo, a inscri\u00e7\u00e3o: <strong>\u201cPower M\u00e3e\u201d, <\/strong>com a nossa marca. Um detalhe pequeno, mas cheio de significado. Porque a gente sabe que m\u00e3es enxergam o mundo de um jeito especial. S\u00e3o elas que t\u00eam o tal \u201colhar de raio-x\u201d, que v\u00ea tudo mesmo \u00e0 dist\u00e2ncia, que capta o que ningu\u00e9m v\u00ea e que, mesmo no caos, t\u00eam uma vis\u00e3o clara do que importa.<\/p>\n<div class=\"article-editor-horizontal-rule__container\" contenteditable=\"false\">\n<hr class=\"article-editor-horizontal-rule\" \/>\n<div class=\"article-editor-horizontal-rule__delete-button-container\"><\/div>\n<\/div>\n<h3 class=\"article-editor-heading\">Neuroci\u00eancia, pertencimento e um pouco de cora\u00e7\u00e3o<\/h3>\n<p class=\"article-editor-paragraph\">Por tr\u00e1s de uma campanha como essa, h\u00e1 mais do que um presente bonito. Existe ci\u00eancia. Estudos de neuroci\u00eancia do consumo mostram que <strong>presentes personalizados ativam o sistema de recompensa cerebral de forma mais intensa<\/strong> do que presentes gen\u00e9ricos. Isso gera conex\u00f5es emocionais mais duradouras com a marca, neste caso, com a nossa cultura interna.<\/p>\n<p class=\"article-editor-paragraph\">Mais do que isso, a\u00e7\u00f5es como essa refor\u00e7am o <strong>sentimento de pertencimento<\/strong>, um dos principais pilares do engajamento em empresas remotas. Quando um colaborador se sente visto como pessoa \u2014 e n\u00e3o s\u00f3 como profissional \u2014 a tend\u00eancia \u00e9 que seu n\u00edvel de satisfa\u00e7\u00e3o geral com o trabalho aumente <strong>em at\u00e9 44%,<\/strong> segundo estudo da <em>Harvard Business Review<\/em>. Al\u00e9m disso, colaboradores que se sentem reconhecidos de forma personalizada t\u00eam <strong>63% mais chance de permanecer na empresa pelos pr\u00f3ximos tr\u00eas a seis meses<\/strong>, de acordo com a Gallup.<\/p>\n<div class=\"article-editor-horizontal-rule__container\" contenteditable=\"false\">\n<hr class=\"article-editor-horizontal-rule\" \/>\n<div class=\"article-editor-horizontal-rule__delete-button-container\"><\/div>\n<\/div>\n<h3 class=\"article-editor-heading\">Final feliz (com filtro solar)<\/h3>\n<p class=\"article-editor-paragraph\">A campanha <strong>\u201cOlhar de M\u00e3e\u201d<\/strong> foi um sucesso. Recebemos \u00e1udios emocionados, fotos felizes e muitos \u201cvoc\u00eas acertaram em cheio!\u201d. E, sejamos honestos: quando a gente faz algo de cora\u00e7\u00e3o, nem precisa de m\u00e9trica de engajamento para saber que deu certo.<\/p>\n<p class=\"article-editor-paragraph\">Na Power, a gente continua acreditando que a cultura se constr\u00f3i todo dia, com empatia, criatividade e prop\u00f3sito. E se for com um bom par de \u00f3culos, melhor ainda.<\/p>\n<p class=\"article-editor-paragraph\">Artigo desenvolvido por: Nina Nogueira (Tech Leader).<\/p>\n","protected":false},"excerpt":{"rendered":"<p>Toda empresa tem suas tradi\u00e7\u00f5es. Algumas mandam flores, outras um e-mail com um \u201cFeliz Dia das M\u00e3es!\u201d gen\u00e9rico e pronto. Mas na Power Tuning, uma empresa 100% home office, criar la\u00e7os vai muito al\u00e9m de uma mensagem no Whatsapp. A gente sabe que cultura n\u00e3o se constr\u00f3i s\u00f3 com slogans bonitos: ela se constr\u00f3i com&hellip; <br \/> <a class=\"read-more\" href=\"https:\/\/powertuning.com.br\/blog\/olhar-de-mae-a-campanha-da-power-tuning-que-enxerga-alem-do-presente\/\">Leia mais<\/a><\/p>\n","protected":false},"author":18,"featured_media":4727,"comment_status":"closed","ping_status":"closed","sticky":false,"template":"","format":"standard","meta":{"content-type":"","_exactmetrics_skip_tracking":false,"_exactmetrics_sitenote_active":false,"_exactmetrics_sitenote_note":"","_exactmetrics_sitenote_category":0,"jetpack_post_was_ever_published":false,"_jetpack_newsletter_access":"","_jetpack_dont_email_post_to_subs":false,"_jetpack_newsletter_tier_id":0,"_jetpack_memberships_contains_paywalled_content":false,"_jetpack_memberships_contains_paid_content":false,"footnotes":""},"categories":[558,557],"tags":[552,554,551,553,555,556],"class_list":["post-4722","post","type-post","status-publish","format-standard","has-post-thumbnail","hentry","category-marketing","category-pessoas-cultura","tag-campanha-power","tag-cultura-empresarial","tag-dia-das-maes","tag-empresa-humanizada","tag-home-office","tag-valorizacao-do-colaborador"],"jetpack_featured_media_url":"https:\/\/powertuning.com.br\/blog\/wp-content\/uploads\/2025\/06\/CAPA-HOJE.png","jetpack_sharing_enabled":true,"_links":{"self":[{"href":"https:\/\/powertuning.com.br\/blog\/wp-json\/wp\/v2\/posts\/4722","targetHints":{"allow":["GET"]}}],"collection":[{"href":"https:\/\/powertuning.com.br\/blog\/wp-json\/wp\/v2\/posts"}],"about":[{"href":"https:\/\/powertuning.com.br\/blog\/wp-json\/wp\/v2\/types\/post"}],"author":[{"embeddable":true,"href":"https:\/\/powertuning.com.br\/blog\/wp-json\/wp\/v2\/users\/18"}],"replies":[{"embeddable":true,"href":"https:\/\/powertuning.com.br\/blog\/wp-json\/wp\/v2\/comments?post=4722"}],"version-history":[{"count":1,"href":"https:\/\/powertuning.com.br\/blog\/wp-json\/wp\/v2\/posts\/4722\/revisions"}],"predecessor-version":[{"id":4728,"href":"https:\/\/powertuning.com.br\/blog\/wp-json\/wp\/v2\/posts\/4722\/revisions\/4728"}],"wp:featuredmedia":[{"embeddable":true,"href":"https:\/\/powertuning.com.br\/blog\/wp-json\/wp\/v2\/media\/4727"}],"wp:attachment":[{"href":"https:\/\/powertuning.com.br\/blog\/wp-json\/wp\/v2\/media?parent=4722"}],"wp:term":[{"taxonomy":"category","embeddable":true,"href":"https:\/\/powertuning.com.br\/blog\/wp-json\/wp\/v2\/categories?post=4722"},{"taxonomy":"post_tag","embeddable":true,"href":"https:\/\/powertuning.com.br\/blog\/wp-json\/wp\/v2\/tags?post=4722"}],"curies":[{"name":"wp","href":"https:\/\/api.w.org\/{rel}","templated":true}]}}