{"id":4626,"date":"2025-05-30T13:00:50","date_gmt":"2025-05-30T16:00:50","guid":{"rendered":"https:\/\/powertuning.com.br\/?p=4626"},"modified":"2025-05-30T09:34:25","modified_gmt":"2025-05-30T12:34:25","slug":"power-tuning-no-espirito-summit-2025-afinal-inovacao-esta-no-nosso-dna","status":"publish","type":"post","link":"https:\/\/powertuning.com.br\/blog\/power-tuning-no-espirito-summit-2025-afinal-inovacao-esta-no-nosso-dna\/","title":{"rendered":"Power Tuning no Esp\u00edrito Summit 2025: afinal, inova\u00e7\u00e3o est\u00e1 no nosso DNA"},"content":{"rendered":"<div><span style=\"background-color: transparent;\">Se tem uma coisa que move a Power Tuning desde o in\u00edcio, \u00e9 a vontade de ir al\u00e9m. E \u00e9 exatamente por isso que estaremos presentes no Esp\u00edrito Summit 2025, um dos eventos mais importantes de inova\u00e7\u00e3o e empreendedorismo do Esp\u00edrito Santo.<\/span><\/div>\n<div>\n<div><\/div>\n<div>A feira, que j\u00e1 conquistou o calend\u00e1rio de quem pensa o futuro do estado, acontece em Linhares, cidade polo do norte capixaba que vem se consolidando como um ecossistema de neg\u00f3cios, tecnologia e transforma\u00e7\u00e3o. O Esp\u00edrito Summit n\u00e3o \u00e9 s\u00f3 uma vitrine de solu\u00e7\u00f5es, \u00e9 um espa\u00e7o de trocas reais, de conex\u00f5es poderosas e, principalmente, de inspira\u00e7\u00e3o.<\/div>\n<div><\/div>\n<h3><strong>Por que o Esp\u00edrito Summit importa tanto?<\/strong><\/h3>\n<div>Mais do que um evento, o Esp\u00edrito Summit representa a consolida\u00e7\u00e3o de uma nova fase para o Esp\u00edrito Santo. Uma fase onde inova\u00e7\u00e3o, sustentabilidade, diversidade e tecnologia caminham juntas. A cada edi\u00e7\u00e3o, empresas de todo o Brasil se encontram para discutir tend\u00eancias, compartilhar cases e abrir portas para parcerias.<\/div>\n<div><\/div>\n<div>Para n\u00f3s, da Power, \u00e9 tamb\u00e9m uma oportunidade de afirmar nosso compromisso com o estado que nos viu nascer, mesmo sendo uma empresa 100% remota, com talentos espalhados por todo o pa\u00eds, temos ra\u00edzes profundas no Esp\u00edrito Santo.<\/div>\n<div><\/div>\n<h3><strong>Power Tuning: expandindo fronteiras e conex\u00f5es<\/strong><\/h3>\n<div>A presen\u00e7a da Power Tuning no Esp\u00edrito Summit \u00e9 parte de um movimento maior: nossa crescente participa\u00e7\u00e3o em eventos de tecnologia, dados e inova\u00e7\u00e3o tanto no Esp\u00edrito Santo quanto em outras regi\u00f5es do Brasil.<\/div>\n<div><\/div>\n<div>Em 2024, participamos de feiras em S\u00e3o Paulo, Vit\u00f3ria e Vila Velha, e estamos com o radar atento a novas oportunidades para mostrar nossas solu\u00e7\u00f5es, ouvir o mercado e fortalecer nossa rede de parceiros.<\/div>\n<div><\/div>\n<h3><strong>Inova\u00e7\u00e3o como cultura (e n\u00e3o s\u00f3 como palavra bonita)<\/strong><\/h3>\n<div>Na Power, inova\u00e7\u00e3o n\u00e3o \u00e9 um projeto pontual. \u00c9 um jeito de pensar. E isso tem nome, sobrenome e lideran\u00e7a: Rodrigo Gomes, nosso Head de Inova\u00e7\u00e3o, est\u00e1 \u00e0 frente de um setor que impulsiona o desenvolvimento de solu\u00e7\u00f5es com intelig\u00eancia artificial, automa\u00e7\u00f5es, novas integra\u00e7\u00f5es e experi\u00eancias de dados cada vez mais fluidas para nossos clientes.<\/div>\n<div><\/div>\n<div>A \u00e1rea de Inova\u00e7\u00e3o da Power atua com times multidisciplinares, pesquisa aplicada e muito contato com nossos parceiros e clientes. A l\u00f3gica \u00e9 simples: ouvir, entender, testar e melhorar continuamente.<\/div>\n<div><\/div>\n<div>Essa mentalidade est\u00e1 presente em tudo o que fazemos: das automa\u00e7\u00f5es com Power Embedded ao uso de IA generativa nos nossos servi\u00e7os, da forma como organizamos nossos times at\u00e9 a forma como pensamos cultura organizacional.<\/div>\n<div><\/div>\n<div>Nos vemos em Linhares!<\/div>\n<div>Se voc\u00ea tamb\u00e9m acredita que inova\u00e7\u00e3o \u00e9 coisa s\u00e9ria (e capixaba), passa no nosso espa\u00e7o no Esp\u00edrito Summit. Vai ter tecnologia, conversa boa e solu\u00e7\u00f5es de verdade e que todo DBA respeita.<\/div>\n<div><\/div>\n<p>A Power Tuning est\u00e1 pronta para o futuro, e ele passa por aqui.<\/p>\n<\/div>\n","protected":false},"excerpt":{"rendered":"<p>Se tem uma coisa que move a Power Tuning desde o in\u00edcio, \u00e9 a vontade de ir al\u00e9m. E \u00e9 exatamente por isso que estaremos presentes no Esp\u00edrito Summit 2025, um dos eventos mais importantes de inova\u00e7\u00e3o e empreendedorismo do Esp\u00edrito Santo. A feira, que j\u00e1 conquistou o calend\u00e1rio de quem pensa o futuro do&hellip; <br \/> <a class=\"read-more\" href=\"https:\/\/powertuning.com.br\/blog\/power-tuning-no-espirito-summit-2025-afinal-inovacao-esta-no-nosso-dna\/\">Leia mais<\/a><\/p>\n","protected":false},"author":18,"featured_media":4663,"comment_status":"closed","ping_status":"closed","sticky":false,"template":"","format":"standard","meta":{"content-type":"","_exactmetrics_skip_tracking":false,"_exactmetrics_sitenote_active":false,"_exactmetrics_sitenote_note":"","_exactmetrics_sitenote_category":0,"jetpack_post_was_ever_published":false,"_jetpack_newsletter_access":"","_jetpack_dont_email_post_to_subs":false,"_jetpack_newsletter_tier_id":0,"_jetpack_memberships_contains_paywalled_content":false,"_jetpack_memberships_contains_paid_content":false,"footnotes":""},"categories":[168,160,138,183,1],"tags":[418,419,449,448,450,460,452,445,455,444,443,457,447,456,170,462,461,135,446,453,458,22,451,459,454],"class_list":["post-4626","post","type-post","status-publish","format-standard","has-post-thumbnail","hentry","category-ia","category-inteligencia-artificial","category-power-alerts","category-power-embedded","category-sem-categoria","tag-inovacao","tag-tecnologia","tag-automacao","tag-cultura-de-inovacao","tag-dados","tag-diversidade","tag-ecossistema-de-inovacao","tag-empreendedorismo","tag-empresas-capixabas","tag-espirito-santo","tag-espirito-summit-2025","tag-eventos-de-negocios","tag-eventos-de-tecnologia","tag-futuro-do-trabalho","tag-ia-generativa","tag-inovacao-capixaba","tag-integracao-de-sistemas","tag-inteligencia-artificial","tag-linhares","tag-networking","tag-parcerias-estrategicas","tag-power-tuning","tag-solucoes-inteligentes","tag-sustentabilidade","tag-transformacao-digital"],"jetpack_featured_media_url":"https:\/\/powertuning.com.br\/blog\/wp-content\/uploads\/2025\/05\/capa-blog-hohe-2.png","jetpack_sharing_enabled":true,"_links":{"self":[{"href":"https:\/\/powertuning.com.br\/blog\/wp-json\/wp\/v2\/posts\/4626","targetHints":{"allow":["GET"]}}],"collection":[{"href":"https:\/\/powertuning.com.br\/blog\/wp-json\/wp\/v2\/posts"}],"about":[{"href":"https:\/\/powertuning.com.br\/blog\/wp-json\/wp\/v2\/types\/post"}],"author":[{"embeddable":true,"href":"https:\/\/powertuning.com.br\/blog\/wp-json\/wp\/v2\/users\/18"}],"replies":[{"embeddable":true,"href":"https:\/\/powertuning.com.br\/blog\/wp-json\/wp\/v2\/comments?post=4626"}],"version-history":[{"count":1,"href":"https:\/\/powertuning.com.br\/blog\/wp-json\/wp\/v2\/posts\/4626\/revisions"}],"predecessor-version":[{"id":4664,"href":"https:\/\/powertuning.com.br\/blog\/wp-json\/wp\/v2\/posts\/4626\/revisions\/4664"}],"wp:featuredmedia":[{"embeddable":true,"href":"https:\/\/powertuning.com.br\/blog\/wp-json\/wp\/v2\/media\/4663"}],"wp:attachment":[{"href":"https:\/\/powertuning.com.br\/blog\/wp-json\/wp\/v2\/media?parent=4626"}],"wp:term":[{"taxonomy":"category","embeddable":true,"href":"https:\/\/powertuning.com.br\/blog\/wp-json\/wp\/v2\/categories?post=4626"},{"taxonomy":"post_tag","embeddable":true,"href":"https:\/\/powertuning.com.br\/blog\/wp-json\/wp\/v2\/tags?post=4626"}],"curies":[{"name":"wp","href":"https:\/\/api.w.org\/{rel}","templated":true}]}}