{"id":4541,"date":"2025-05-02T13:00:54","date_gmt":"2025-05-02T16:00:54","guid":{"rendered":"https:\/\/powertuning.com.br\/?p=4541"},"modified":"2025-05-30T09:46:30","modified_gmt":"2025-05-30T12:46:30","slug":"power-tuning-marca-presenca-na-conferencia-microsoft-fabric-brasil-no-reactor-sp","status":"publish","type":"post","link":"https:\/\/powertuning.com.br\/blog\/power-tuning-marca-presenca-na-conferencia-microsoft-fabric-brasil-no-reactor-sp\/","title":{"rendered":"Power Tuning marca presen\u00e7a na Confer\u00eancia Microsoft Fabric Brasil no Reactor SP"},"content":{"rendered":"<p>No \u00faltimo dia 25 de abril, a Power Tuning teve a honra de estar presente na\u00a0<strong>Confer\u00eancia Microsoft Fabric Brasil<\/strong>, realizada no Microsoft Reactor, em S\u00e3o Paulo \u2014 um dos principais centros de inova\u00e7\u00e3o e tecnologia do pa\u00eds. O evento reuniu mais de 140 profissionais da \u00e1rea de dados e analytics para discutir pr\u00e1ticas, solu\u00e7\u00f5es e inova\u00e7\u00f5es em torno da plataforma Microsoft Fabric.<\/p>\n<p><img loading=\"lazy\" decoding=\"async\" class=\"\" src=\"https:\/\/media.licdn.com\/dms\/image\/v2\/D4D12AQEWGx9oY7mIDg\/article-inline_image-shrink_1500_2232\/B4DZaR9lI3HwAU-\/0\/1746205562735?e=1751500800&amp;v=beta&amp;t=tOSJda0QIwU8u3qHdwjlDJVZ8T1FWVoAldCVRBmfcmY\" alt=\"Conte\u00fado do artigo\" width=\"312\" height=\"416\" \/><\/p>\n<p>A confer\u00eancia contou com palestras de especialistas renomados, entre eles dois l\u00edderes da Power Tuning:\u00a0<strong>Dirceu Resende<\/strong>, nosso\u00a0<strong>Head de Analytics<\/strong>, e\u00a0<strong>Rafael Mendon\u00e7a<\/strong>, nosso\u00a0<strong>Head de BI<\/strong>. Ambos compartilharam seu conhecimento com o p\u00fablico, abordando temas altamente relevantes para empresas que lidam com grandes volumes de dados. Destaque para a apresenta\u00e7\u00e3o de Dirceu Resende sobre \u201cComo compartilhar relat\u00f3rios de bilh\u00f5es de linhas com milhares de pessoas e baixo custo\u201d \u2014 uma tem\u00e1tica que conversa diretamente com o que a Power Tuning entrega aos seus clientes com o Power Embedded.<\/p>\n<p><img loading=\"lazy\" decoding=\"async\" class=\"\" src=\"https:\/\/media.licdn.com\/dms\/image\/v2\/D4D12AQFQb8tETrl4KA\/article-inline_image-shrink_1500_2232\/B4DZaR9rJRGwAU-\/0\/1746205586686?e=1751500800&amp;v=beta&amp;t=O6Svh9lfTx3iehWnnHctBMeeoYKoQVO3ufsi4WUHTf8\" alt=\"Conte\u00fado do artigo\" width=\"242\" height=\"430\" \/><\/p>\n<p>Nossa presen\u00e7a tamb\u00e9m foi marcada pela participa\u00e7\u00e3o ativa do time de suporte do\u00a0<strong>Power Embedded<\/strong>, representado por\u00a0<strong>Sth\u00e9fane Lisboa, Paulo Eduardo, Jo\u00e3o Paulo Macedo e Edilson Santos<\/strong>, que estiveram lado a lado com grandes nomes do cen\u00e1rio de dados do Brasil. Al\u00e9m disso, contamos com a presen\u00e7a da nossa\u00a0<strong>Team Leader de Analytics, Nayara Hellen<\/strong>, refor\u00e7ando o compromisso da Power Tuning com a excel\u00eancia t\u00e9cnica e o crescimento cont\u00ednuo de sua equipe.<\/p>\n<p><img loading=\"lazy\" decoding=\"async\" class=\"\" src=\"https:\/\/media.licdn.com\/dms\/image\/v2\/D4D12AQGCUAAwEMpqhQ\/article-inline_image-shrink_1000_1488\/B4DZaR9yGyGcAQ-\/0\/1746205616066?e=1751500800&amp;v=beta&amp;t=401Ih517iC7ehERBvrtrtx2mkrhmwGOsI3nyblaFutM\" alt=\"Conte\u00fado do artigo\" width=\"424\" height=\"318\" \/><\/p>\n<p>Estar presente em eventos como esse \u00e9 mais do que acompanhar tend\u00eancias. \u00c9\u00a0<strong>fazer parte da transforma\u00e7\u00e3o digital<\/strong>, fortalecer o networking com profissionais brilhantes e refor\u00e7ar o nosso prop\u00f3sito: entregar solu\u00e7\u00f5es de alto impacto com conhecimento, estrat\u00e9gia e tecnologia de ponta.<\/p>\n<p>Seguimos juntos, aprendendo, inovando e representando com orgulho o nome da Power Tuning no ecossistema de dados do Brasil!<\/p>\n<p><img loading=\"lazy\" decoding=\"async\" class=\"\" src=\"https:\/\/media.licdn.com\/dms\/image\/v2\/D4D12AQEqEigYJ0_M1Q\/article-inline_image-shrink_1500_2232\/B4DZaR.SqYH0AU-\/0\/1746205748957?e=1751500800&amp;v=beta&amp;t=xnsDG_qj5ZnqeVq36dZu_Gdw-P14SQT_idjWCW095Cs\" alt=\"Conte\u00fado do artigo\" width=\"337\" height=\"449\" \/><\/p>\n","protected":false},"excerpt":{"rendered":"<p>No \u00faltimo dia 25 de abril, a Power Tuning teve a honra de estar presente na\u00a0Confer\u00eancia Microsoft Fabric Brasil, realizada no Microsoft Reactor, em S\u00e3o Paulo \u2014 um dos principais centros de inova\u00e7\u00e3o e tecnologia do pa\u00eds. O evento reuniu mais de 140 profissionais da \u00e1rea de dados e analytics para discutir pr\u00e1ticas, solu\u00e7\u00f5es e&hellip; <br \/> <a class=\"read-more\" href=\"https:\/\/powertuning.com.br\/blog\/power-tuning-marca-presenca-na-conferencia-microsoft-fabric-brasil-no-reactor-sp\/\">Leia mais<\/a><\/p>\n","protected":false},"author":18,"featured_media":4665,"comment_status":"closed","ping_status":"closed","sticky":false,"template":"","format":"standard","meta":{"content-type":"","_exactmetrics_skip_tracking":false,"_exactmetrics_sitenote_active":false,"_exactmetrics_sitenote_note":"","_exactmetrics_sitenote_category":0,"jetpack_post_was_ever_published":false,"_jetpack_newsletter_access":"","_jetpack_dont_email_post_to_subs":false,"_jetpack_newsletter_tier_id":0,"_jetpack_memberships_contains_paywalled_content":false,"_jetpack_memberships_contains_paid_content":false,"footnotes":""},"categories":[176,71,103,8,183],"tags":[],"class_list":["post-4541","post","type-post","status-publish","format-standard","has-post-thumbnail","hentry","category-banco-de-dados","category-consultoria","category-microsoft-azure","category-palestras-e-eventos","category-power-embedded"],"jetpack_featured_media_url":"https:\/\/powertuning.com.br\/blog\/wp-content\/uploads\/2025\/05\/POST-BLOG-HOJE-1.png","jetpack_sharing_enabled":true,"_links":{"self":[{"href":"https:\/\/powertuning.com.br\/blog\/wp-json\/wp\/v2\/posts\/4541","targetHints":{"allow":["GET"]}}],"collection":[{"href":"https:\/\/powertuning.com.br\/blog\/wp-json\/wp\/v2\/posts"}],"about":[{"href":"https:\/\/powertuning.com.br\/blog\/wp-json\/wp\/v2\/types\/post"}],"author":[{"embeddable":true,"href":"https:\/\/powertuning.com.br\/blog\/wp-json\/wp\/v2\/users\/18"}],"replies":[{"embeddable":true,"href":"https:\/\/powertuning.com.br\/blog\/wp-json\/wp\/v2\/comments?post=4541"}],"version-history":[{"count":3,"href":"https:\/\/powertuning.com.br\/blog\/wp-json\/wp\/v2\/posts\/4541\/revisions"}],"predecessor-version":[{"id":4545,"href":"https:\/\/powertuning.com.br\/blog\/wp-json\/wp\/v2\/posts\/4541\/revisions\/4545"}],"wp:featuredmedia":[{"embeddable":true,"href":"https:\/\/powertuning.com.br\/blog\/wp-json\/wp\/v2\/media\/4665"}],"wp:attachment":[{"href":"https:\/\/powertuning.com.br\/blog\/wp-json\/wp\/v2\/media?parent=4541"}],"wp:term":[{"taxonomy":"category","embeddable":true,"href":"https:\/\/powertuning.com.br\/blog\/wp-json\/wp\/v2\/categories?post=4541"},{"taxonomy":"post_tag","embeddable":true,"href":"https:\/\/powertuning.com.br\/blog\/wp-json\/wp\/v2\/tags?post=4541"}],"curies":[{"name":"wp","href":"https:\/\/api.w.org\/{rel}","templated":true}]}}