{"id":4528,"date":"2025-04-30T13:00:43","date_gmt":"2025-04-30T16:00:43","guid":{"rendered":"https:\/\/powertuning.com.br\/?p=4528"},"modified":"2025-05-02T12:20:34","modified_gmt":"2025-05-02T15:20:34","slug":"azure-brasil-e-power-tuning-em-evento-na-sede-da-microsoft","status":"publish","type":"post","link":"https:\/\/powertuning.com.br\/blog\/azure-brasil-e-power-tuning-em-evento-na-sede-da-microsoft\/","title":{"rendered":"Azure Brasil e Power Tuning em evento na sede da Microsoft"},"content":{"rendered":"<p dir=\"ltr\">Na Sede da Microsoft, em S\u00e3o Paulo: Power Tuning leva conte\u00fado t\u00e9cnico ao <strong>Azure Brasil In a Day.<\/strong><\/p>\n<p dir=\"ltr\">Na \u00faltima semana, vivemos um dos momentos mais simb\u00f3licos da nossa hist\u00f3ria: participamos de um evento realizado na sede da Microsoft Brasil, em S\u00e3o Paulo. Sim, na nave m\u00e3e. Para quem vive e respira tecnologia todos os dias, estar l\u00e1, presencialmente, compartilhando conhecimento, foi mais do que especial \u2014 foi emocionante.<\/p>\n<p dir=\"ltr\">O Azure Brasil In a Day n\u00e3o foi apenas mais um evento. Foi uma experi\u00eancia intensa de aprendizado, conex\u00e3o e transforma\u00e7\u00e3o. Ver tantas pessoas reunidas com o mesmo prop\u00f3sito \u2014 aprender, evoluir e explorar o potencial da tecnologia \u2014 refor\u00e7a o quanto a comunidade tech no Brasil est\u00e1 viva e pulsante.<\/p>\n<p dir=\"ltr\">A Power Tuning teve a honra de participar com um time de peso:<\/p>\n<p><strong>&#8211; Fabricio Fran\u00e7a Lima<\/strong>, CEO da Power Tuning<\/p>\n<p dir=\"ltr\"><img loading=\"lazy\" decoding=\"async\" data-attachment-id=\"4529\" data-permalink=\"https:\/\/powertuning.com.br\/blog\/azure-brasil-e-power-tuning-em-evento-na-sede-da-microsoft\/20250417_144511000_ios\/\" data-orig-file=\"https:\/\/powertuning.com.br\/blog\/wp-content\/uploads\/2025\/04\/20250417_144511000_iOS.jpg\" data-orig-size=\"1200,1600\" data-comments-opened=\"0\" data-image-meta=\"{&quot;aperture&quot;:&quot;0&quot;,&quot;credit&quot;:&quot;&quot;,&quot;camera&quot;:&quot;&quot;,&quot;caption&quot;:&quot;&quot;,&quot;created_timestamp&quot;:&quot;0&quot;,&quot;copyright&quot;:&quot;&quot;,&quot;focal_length&quot;:&quot;0&quot;,&quot;iso&quot;:&quot;0&quot;,&quot;shutter_speed&quot;:&quot;0&quot;,&quot;title&quot;:&quot;&quot;,&quot;orientation&quot;:&quot;0&quot;}\" data-image-title=\"20250417_144511000_iOS\" data-image-description=\"\" data-image-caption=\"\" data-large-file=\"https:\/\/powertuning.com.br\/blog\/wp-content\/uploads\/2025\/04\/20250417_144511000_iOS-768x1024.jpg\" class=\"alignnone wp-image-4529\" src=\"https:\/\/powertuning.com.br\/blog\/wp-content\/uploads\/2025\/04\/20250417_144511000_iOS.jpg\" alt=\"\" width=\"206\" height=\"275\" srcset=\"https:\/\/powertuning.com.br\/blog\/wp-content\/uploads\/2025\/04\/20250417_144511000_iOS.jpg 1200w, https:\/\/powertuning.com.br\/blog\/wp-content\/uploads\/2025\/04\/20250417_144511000_iOS-225x300.jpg 225w, https:\/\/powertuning.com.br\/blog\/wp-content\/uploads\/2025\/04\/20250417_144511000_iOS-768x1024.jpg 768w, https:\/\/powertuning.com.br\/blog\/wp-content\/uploads\/2025\/04\/20250417_144511000_iOS-1152x1536.jpg 1152w, https:\/\/powertuning.com.br\/blog\/wp-content\/uploads\/2025\/04\/20250417_144511000_iOS-1024x1365.jpg 1024w, https:\/\/powertuning.com.br\/blog\/wp-content\/uploads\/2025\/04\/20250417_144511000_iOS-810x1080.jpg 810w\" sizes=\"auto, (max-width: 206px) 100vw, 206px\" \/><\/p>\n<p><strong>&#8211; Dirceu Resende<\/strong>, Head de Analytics<\/p>\n<p dir=\"ltr\"><img loading=\"lazy\" decoding=\"async\" data-attachment-id=\"4531\" data-permalink=\"https:\/\/powertuning.com.br\/blog\/azure-brasil-e-power-tuning-em-evento-na-sede-da-microsoft\/20250417_181027000_ios\/\" data-orig-file=\"https:\/\/powertuning.com.br\/blog\/wp-content\/uploads\/2025\/04\/20250417_181027000_iOS.jpg\" data-orig-size=\"1200,1600\" data-comments-opened=\"0\" data-image-meta=\"{&quot;aperture&quot;:&quot;0&quot;,&quot;credit&quot;:&quot;&quot;,&quot;camera&quot;:&quot;&quot;,&quot;caption&quot;:&quot;&quot;,&quot;created_timestamp&quot;:&quot;0&quot;,&quot;copyright&quot;:&quot;&quot;,&quot;focal_length&quot;:&quot;0&quot;,&quot;iso&quot;:&quot;0&quot;,&quot;shutter_speed&quot;:&quot;0&quot;,&quot;title&quot;:&quot;&quot;,&quot;orientation&quot;:&quot;0&quot;}\" data-image-title=\"20250417_181027000_iOS\" data-image-description=\"\" data-image-caption=\"\" data-large-file=\"https:\/\/powertuning.com.br\/blog\/wp-content\/uploads\/2025\/04\/20250417_181027000_iOS-768x1024.jpg\" class=\"alignnone wp-image-4531\" src=\"https:\/\/powertuning.com.br\/blog\/wp-content\/uploads\/2025\/04\/20250417_181027000_iOS-225x300.jpg\" alt=\"\" width=\"207\" height=\"276\" srcset=\"https:\/\/powertuning.com.br\/blog\/wp-content\/uploads\/2025\/04\/20250417_181027000_iOS-225x300.jpg 225w, https:\/\/powertuning.com.br\/blog\/wp-content\/uploads\/2025\/04\/20250417_181027000_iOS-768x1024.jpg 768w, https:\/\/powertuning.com.br\/blog\/wp-content\/uploads\/2025\/04\/20250417_181027000_iOS-1152x1536.jpg 1152w, https:\/\/powertuning.com.br\/blog\/wp-content\/uploads\/2025\/04\/20250417_181027000_iOS-1024x1365.jpg 1024w, https:\/\/powertuning.com.br\/blog\/wp-content\/uploads\/2025\/04\/20250417_181027000_iOS-810x1080.jpg 810w, https:\/\/powertuning.com.br\/blog\/wp-content\/uploads\/2025\/04\/20250417_181027000_iOS.jpg 1200w\" sizes=\"auto, (max-width: 207px) 100vw, 207px\" \/><\/p>\n<p dir=\"ltr\"><strong>&#8211; Laura Kuntz<\/strong>, Head Comercial da Power Tuning<\/p>\n<p dir=\"ltr\"><img loading=\"lazy\" decoding=\"async\" data-attachment-id=\"4532\" data-permalink=\"https:\/\/powertuning.com.br\/blog\/azure-brasil-e-power-tuning-em-evento-na-sede-da-microsoft\/attachment\/1744924462790\/\" data-orig-file=\"https:\/\/powertuning.com.br\/blog\/wp-content\/uploads\/2025\/04\/1744924462790.jpg\" data-orig-size=\"2048,1536\" data-comments-opened=\"0\" data-image-meta=\"{&quot;aperture&quot;:&quot;0&quot;,&quot;credit&quot;:&quot;&quot;,&quot;camera&quot;:&quot;&quot;,&quot;caption&quot;:&quot;&quot;,&quot;created_timestamp&quot;:&quot;0&quot;,&quot;copyright&quot;:&quot;&quot;,&quot;focal_length&quot;:&quot;0&quot;,&quot;iso&quot;:&quot;0&quot;,&quot;shutter_speed&quot;:&quot;0&quot;,&quot;title&quot;:&quot;&quot;,&quot;orientation&quot;:&quot;0&quot;}\" data-image-title=\"1744924462790\" data-image-description=\"\" data-image-caption=\"\" data-large-file=\"https:\/\/powertuning.com.br\/blog\/wp-content\/uploads\/2025\/04\/1744924462790-1024x768.jpg\" class=\"alignnone size-medium wp-image-4532\" src=\"https:\/\/powertuning.com.br\/blog\/wp-content\/uploads\/2025\/04\/1744924462790-300x225.jpg\" alt=\"\" width=\"300\" height=\"225\" srcset=\"https:\/\/powertuning.com.br\/blog\/wp-content\/uploads\/2025\/04\/1744924462790-300x225.jpg 300w, https:\/\/powertuning.com.br\/blog\/wp-content\/uploads\/2025\/04\/1744924462790-1024x768.jpg 1024w, https:\/\/powertuning.com.br\/blog\/wp-content\/uploads\/2025\/04\/1744924462790-768x576.jpg 768w, https:\/\/powertuning.com.br\/blog\/wp-content\/uploads\/2025\/04\/1744924462790-1536x1152.jpg 1536w, https:\/\/powertuning.com.br\/blog\/wp-content\/uploads\/2025\/04\/1744924462790-1440x1080.jpg 1440w, https:\/\/powertuning.com.br\/blog\/wp-content\/uploads\/2025\/04\/1744924462790.jpg 2048w\" sizes=\"auto, (max-width: 300px) 100vw, 300px\" \/><\/p>\n<p dir=\"ltr\">O trio representou a empresa com palestras, conte\u00fados pr\u00e1ticos e troca de experi\u00eancias que foram al\u00e9m da teoria. Cada fala, cada conversa, cada brinde entregue foi uma oportunidade de mostrar como a tecnologia pode ser aplicada de forma real, estrat\u00e9gica e com impacto direto nos neg\u00f3cios.<\/p>\n<p dir=\"ltr\">A programa\u00e7\u00e3o tamb\u00e9m contou com a presen\u00e7a de grandes nomes da equipe Azure Brasil:<\/p>\n<p dir=\"ltr\"><strong>&#8211; Rafael dos Santos<\/strong>, CEO da Azure Brasil Cloud<\/p>\n<p dir=\"ltr\"><img loading=\"lazy\" decoding=\"async\" data-attachment-id=\"4534\" data-permalink=\"https:\/\/powertuning.com.br\/blog\/azure-brasil-e-power-tuning-em-evento-na-sede-da-microsoft\/20250417_131600122_ios1\/\" data-orig-file=\"https:\/\/powertuning.com.br\/blog\/wp-content\/uploads\/2025\/04\/20250417_131600122_iOS1.png\" data-orig-size=\"3024,4032\" data-comments-opened=\"0\" data-image-meta=\"{&quot;aperture&quot;:&quot;0&quot;,&quot;credit&quot;:&quot;&quot;,&quot;camera&quot;:&quot;&quot;,&quot;caption&quot;:&quot;&quot;,&quot;created_timestamp&quot;:&quot;0&quot;,&quot;copyright&quot;:&quot;&quot;,&quot;focal_length&quot;:&quot;0&quot;,&quot;iso&quot;:&quot;0&quot;,&quot;shutter_speed&quot;:&quot;0&quot;,&quot;title&quot;:&quot;&quot;,&quot;orientation&quot;:&quot;0&quot;}\" data-image-title=\"20250417_131600122_iOS(1)\" data-image-description=\"\" data-image-caption=\"\" data-large-file=\"https:\/\/powertuning.com.br\/blog\/wp-content\/uploads\/2025\/04\/20250417_131600122_iOS1-768x1024.png\" class=\"alignnone size-medium wp-image-4534\" src=\"https:\/\/powertuning.com.br\/blog\/wp-content\/uploads\/2025\/04\/20250417_131600122_iOS1-225x300.png\" alt=\"\" width=\"225\" height=\"300\" srcset=\"https:\/\/powertuning.com.br\/blog\/wp-content\/uploads\/2025\/04\/20250417_131600122_iOS1-225x300.png 225w, https:\/\/powertuning.com.br\/blog\/wp-content\/uploads\/2025\/04\/20250417_131600122_iOS1-768x1024.png 768w, https:\/\/powertuning.com.br\/blog\/wp-content\/uploads\/2025\/04\/20250417_131600122_iOS1-1152x1536.png 1152w, https:\/\/powertuning.com.br\/blog\/wp-content\/uploads\/2025\/04\/20250417_131600122_iOS1-1536x2048.png 1536w, https:\/\/powertuning.com.br\/blog\/wp-content\/uploads\/2025\/04\/20250417_131600122_iOS1-1024x1365.png 1024w, https:\/\/powertuning.com.br\/blog\/wp-content\/uploads\/2025\/04\/20250417_131600122_iOS1-810x1080.png 810w\" sizes=\"auto, (max-width: 225px) 100vw, 225px\" \/><\/p>\n<p dir=\"ltr\"><strong>&#8211; Talles Valiatti<\/strong>, Tech Lead na Azure Brasil, que tamb\u00e9m subiu ao palco para compartilhar sua vis\u00e3o t\u00e9cnica e inspiradora sobre Intelig\u00eancia Artificial e inova\u00e7\u00e3o.<\/p>\n<p dir=\"ltr\"><img loading=\"lazy\" decoding=\"async\" data-attachment-id=\"4533\" data-permalink=\"https:\/\/powertuning.com.br\/blog\/azure-brasil-e-power-tuning-em-evento-na-sede-da-microsoft\/20250417_172638602_ios1\/\" data-orig-file=\"https:\/\/powertuning.com.br\/blog\/wp-content\/uploads\/2025\/04\/20250417_172638602_iOS1.png\" data-orig-size=\"4032,2268\" data-comments-opened=\"0\" data-image-meta=\"{&quot;aperture&quot;:&quot;0&quot;,&quot;credit&quot;:&quot;&quot;,&quot;camera&quot;:&quot;&quot;,&quot;caption&quot;:&quot;&quot;,&quot;created_timestamp&quot;:&quot;0&quot;,&quot;copyright&quot;:&quot;&quot;,&quot;focal_length&quot;:&quot;0&quot;,&quot;iso&quot;:&quot;0&quot;,&quot;shutter_speed&quot;:&quot;0&quot;,&quot;title&quot;:&quot;&quot;,&quot;orientation&quot;:&quot;0&quot;}\" data-image-title=\"20250417_172638602_iOS(1)\" data-image-description=\"\" data-image-caption=\"\" data-large-file=\"https:\/\/powertuning.com.br\/blog\/wp-content\/uploads\/2025\/04\/20250417_172638602_iOS1-1024x576.png\" class=\"alignnone size-medium wp-image-4533\" src=\"https:\/\/powertuning.com.br\/blog\/wp-content\/uploads\/2025\/04\/20250417_172638602_iOS1-300x169.png\" alt=\"\" width=\"300\" height=\"169\" srcset=\"https:\/\/powertuning.com.br\/blog\/wp-content\/uploads\/2025\/04\/20250417_172638602_iOS1-300x169.png 300w, https:\/\/powertuning.com.br\/blog\/wp-content\/uploads\/2025\/04\/20250417_172638602_iOS1-1024x576.png 1024w, https:\/\/powertuning.com.br\/blog\/wp-content\/uploads\/2025\/04\/20250417_172638602_iOS1-768x432.png 768w, https:\/\/powertuning.com.br\/blog\/wp-content\/uploads\/2025\/04\/20250417_172638602_iOS1-1536x864.png 1536w, https:\/\/powertuning.com.br\/blog\/wp-content\/uploads\/2025\/04\/20250417_172638602_iOS1-2048x1152.png 2048w, https:\/\/powertuning.com.br\/blog\/wp-content\/uploads\/2025\/04\/20250417_172638602_iOS1-1920x1080.png 1920w\" sizes=\"auto, (max-width: 300px) 100vw, 300px\" \/><\/p>\n<p dir=\"ltr\">Somos uma empresa parceira Microsoft, e estar presente nesse momento \u2014 dentro da casa da Microsoft \u2014 simboliza muito do que temos constru\u00eddo at\u00e9 aqui. \u00c9 a valida\u00e7\u00e3o de uma jornada feita com consist\u00eancia, inova\u00e7\u00e3o e um compromisso genu\u00edno com a transforma\u00e7\u00e3o digital dos nossos clientes.<\/p>\n<p dir=\"ltr\">Nada disso teria acontecido sem a organiza\u00e7\u00e3o impec\u00e1vel da equipe da Azure Brasil Cloud e o suporte fundamental da Ingram Micro, que cuidaram de cada detalhe com muito carinho e excel\u00eancia.<\/p>\n<p dir=\"ltr\">Mais do que um marco, este evento \u00e9 um ponto de virada. Um lembrete de que estamos no caminho certo, de que a parceria com a Microsoft \u00e9 s\u00f3lida, estrat\u00e9gica e cheia de futuro. Sa\u00edmos inspirados, com ainda mais energia para seguir inovando e entregando solu\u00e7\u00f5es cada vez mais inteligentes em Cloud, Analytics e IA.<\/p>\n<p dir=\"ltr\">Que venham os pr\u00f3ximos cap\u00edtulos dessa jornada. Estaremos prontos.<\/p>\n<p dir=\"ltr\"><img loading=\"lazy\" decoding=\"async\" data-attachment-id=\"4535\" data-permalink=\"https:\/\/powertuning.com.br\/blog\/azure-brasil-e-power-tuning-em-evento-na-sede-da-microsoft\/exposicao-1\/\" data-orig-file=\"https:\/\/powertuning.com.br\/blog\/wp-content\/uploads\/2025\/04\/Exposicao-1.png\" data-orig-size=\"884,1116\" data-comments-opened=\"0\" data-image-meta=\"{&quot;aperture&quot;:&quot;0&quot;,&quot;credit&quot;:&quot;&quot;,&quot;camera&quot;:&quot;&quot;,&quot;caption&quot;:&quot;&quot;,&quot;created_timestamp&quot;:&quot;0&quot;,&quot;copyright&quot;:&quot;&quot;,&quot;focal_length&quot;:&quot;0&quot;,&quot;iso&quot;:&quot;0&quot;,&quot;shutter_speed&quot;:&quot;0&quot;,&quot;title&quot;:&quot;&quot;,&quot;orientation&quot;:&quot;0&quot;}\" data-image-title=\"Exposi\u00e7\u00e3o 1\" data-image-description=\"\" data-image-caption=\"\" data-large-file=\"https:\/\/powertuning.com.br\/blog\/wp-content\/uploads\/2025\/04\/Exposicao-1-811x1024.png\" class=\"alignnone size-medium wp-image-4535\" src=\"https:\/\/powertuning.com.br\/blog\/wp-content\/uploads\/2025\/04\/Exposicao-1-238x300.png\" alt=\"\" width=\"238\" height=\"300\" srcset=\"https:\/\/powertuning.com.br\/blog\/wp-content\/uploads\/2025\/04\/Exposicao-1-238x300.png 238w, https:\/\/powertuning.com.br\/blog\/wp-content\/uploads\/2025\/04\/Exposicao-1-811x1024.png 811w, https:\/\/powertuning.com.br\/blog\/wp-content\/uploads\/2025\/04\/Exposicao-1-768x970.png 768w, https:\/\/powertuning.com.br\/blog\/wp-content\/uploads\/2025\/04\/Exposicao-1-855x1080.png 855w, https:\/\/powertuning.com.br\/blog\/wp-content\/uploads\/2025\/04\/Exposicao-1.png 884w\" sizes=\"auto, (max-width: 238px) 100vw, 238px\" \/><\/p>\n<p dir=\"ltr\">\n","protected":false},"excerpt":{"rendered":"<p>Na Sede da Microsoft, em S\u00e3o Paulo: Power Tuning leva conte\u00fado t\u00e9cnico ao Azure Brasil In a Day. Na \u00faltima semana, vivemos um dos momentos mais simb\u00f3licos da nossa hist\u00f3ria: participamos de um evento realizado na sede da Microsoft Brasil, em S\u00e3o Paulo. Sim, na nave m\u00e3e. Para quem vive e respira tecnologia todos os&hellip; <br \/> <a class=\"read-more\" href=\"https:\/\/powertuning.com.br\/blog\/azure-brasil-e-power-tuning-em-evento-na-sede-da-microsoft\/\">Leia mais<\/a><\/p>\n","protected":false},"author":18,"featured_media":4536,"comment_status":"closed","ping_status":"closed","sticky":false,"template":"","format":"standard","meta":{"content-type":"","_exactmetrics_skip_tracking":false,"_exactmetrics_sitenote_active":false,"_exactmetrics_sitenote_note":"","_exactmetrics_sitenote_category":0,"jetpack_post_was_ever_published":false,"_jetpack_newsletter_access":"","_jetpack_dont_email_post_to_subs":false,"_jetpack_newsletter_tier_id":0,"_jetpack_memberships_contains_paywalled_content":false,"_jetpack_memberships_contains_paid_content":false,"footnotes":""},"categories":[101,103,8],"tags":[442],"class_list":["post-4528","post","type-post","status-publish","format-standard","has-post-thumbnail","hentry","category-azure","category-microsoft-azure","category-palestras-e-eventos","tag-powertuning-azurebrasilinaday-microsoftbrasil-parceiromicrosoft-cloud-ai-transformacaodigital"],"jetpack_featured_media_url":"https:\/\/powertuning.com.br\/blog\/wp-content\/uploads\/2025\/04\/POST-BLOG-HOJE.png","jetpack_sharing_enabled":true,"_links":{"self":[{"href":"https:\/\/powertuning.com.br\/blog\/wp-json\/wp\/v2\/posts\/4528","targetHints":{"allow":["GET"]}}],"collection":[{"href":"https:\/\/powertuning.com.br\/blog\/wp-json\/wp\/v2\/posts"}],"about":[{"href":"https:\/\/powertuning.com.br\/blog\/wp-json\/wp\/v2\/types\/post"}],"author":[{"embeddable":true,"href":"https:\/\/powertuning.com.br\/blog\/wp-json\/wp\/v2\/users\/18"}],"replies":[{"embeddable":true,"href":"https:\/\/powertuning.com.br\/blog\/wp-json\/wp\/v2\/comments?post=4528"}],"version-history":[{"count":1,"href":"https:\/\/powertuning.com.br\/blog\/wp-json\/wp\/v2\/posts\/4528\/revisions"}],"predecessor-version":[{"id":4537,"href":"https:\/\/powertuning.com.br\/blog\/wp-json\/wp\/v2\/posts\/4528\/revisions\/4537"}],"wp:featuredmedia":[{"embeddable":true,"href":"https:\/\/powertuning.com.br\/blog\/wp-json\/wp\/v2\/media\/4536"}],"wp:attachment":[{"href":"https:\/\/powertuning.com.br\/blog\/wp-json\/wp\/v2\/media?parent=4528"}],"wp:term":[{"taxonomy":"category","embeddable":true,"href":"https:\/\/powertuning.com.br\/blog\/wp-json\/wp\/v2\/categories?post=4528"},{"taxonomy":"post_tag","embeddable":true,"href":"https:\/\/powertuning.com.br\/blog\/wp-json\/wp\/v2\/tags?post=4528"}],"curies":[{"name":"wp","href":"https:\/\/api.w.org\/{rel}","templated":true}]}}