{"id":4233,"date":"2025-01-26T09:29:15","date_gmt":"2025-01-26T12:29:15","guid":{"rendered":"https:\/\/powertuning.com.br\/?p=4233"},"modified":"2025-01-28T09:19:44","modified_gmt":"2025-01-28T12:19:44","slug":"nao-contrate-uma-plataforma-de-power-bi-embedded-sem-antes-ler-isso","status":"publish","type":"post","link":"https:\/\/powertuning.com.br\/blog\/nao-contrate-uma-plataforma-de-power-bi-embedded-sem-antes-ler-isso\/","title":{"rendered":"N\u00c3O CONTRATE uma plataforma de Power BI Embedded sem antes ler isso!!!"},"content":{"rendered":"<p><img loading=\"lazy\" decoding=\"async\" data-attachment-id=\"4239\" data-permalink=\"https:\/\/powertuning.com.br\/blog\/nao-contrate-uma-plataforma-de-power-bi-embedded-sem-antes-ler-isso\/power-bi-embedded-post\/\" data-orig-file=\"https:\/\/powertuning.com.br\/blog\/wp-content\/uploads\/2025\/01\/power-bi-embedded-post.webp\" data-orig-size=\"1024,1024\" data-comments-opened=\"0\" data-image-meta=\"{&quot;aperture&quot;:&quot;0&quot;,&quot;credit&quot;:&quot;&quot;,&quot;camera&quot;:&quot;&quot;,&quot;caption&quot;:&quot;&quot;,&quot;created_timestamp&quot;:&quot;0&quot;,&quot;copyright&quot;:&quot;&quot;,&quot;focal_length&quot;:&quot;0&quot;,&quot;iso&quot;:&quot;0&quot;,&quot;shutter_speed&quot;:&quot;0&quot;,&quot;title&quot;:&quot;&quot;,&quot;orientation&quot;:&quot;0&quot;}\" data-image-title=\"power bi embedded post\" data-image-description=\"\" data-image-caption=\"\" data-large-file=\"https:\/\/powertuning.com.br\/blog\/wp-content\/uploads\/2025\/01\/power-bi-embedded-post.webp\" class=\" wp-image-4239 aligncenter\" src=\"https:\/\/powertuning.com.br\/blog\/wp-content\/uploads\/2025\/01\/power-bi-embedded-post-300x300.webp\" alt=\"\" width=\"487\" height=\"487\" srcset=\"https:\/\/powertuning.com.br\/blog\/wp-content\/uploads\/2025\/01\/power-bi-embedded-post-300x300.webp 300w, https:\/\/powertuning.com.br\/blog\/wp-content\/uploads\/2025\/01\/power-bi-embedded-post-150x150.webp 150w, https:\/\/powertuning.com.br\/blog\/wp-content\/uploads\/2025\/01\/power-bi-embedded-post-768x768.webp 768w, https:\/\/powertuning.com.br\/blog\/wp-content\/uploads\/2025\/01\/power-bi-embedded-post.webp 1024w\" sizes=\"auto, (max-width: 487px) 100vw, 487px\" \/><\/p>\n<p>Fala Pessoal,<\/p>\n<p>Hoje vou deixar um <strong>recado ultra mega importante<\/strong> aqui que tem que ser de conhecimento de todos os gestores de TI que utilizam <strong>Power BI<\/strong>.<\/p>\n<p>Se uma empresa paga mais de 15 licen\u00e7as de <strong>Power BI Pro<\/strong>, tem que ter um motivo muito espec\u00edfico para ela n\u00e3o migrar para uma <strong>plataforma de Power BI Embedded<\/strong>.<\/p>\n<p>\u00c9 uma redu\u00e7\u00e3o de custo muito alta, ainda mais que<strong> o pre\u00e7o da licen\u00e7a do Power BI Pro vai aumentar 40% em Abril<\/strong>, e as plataformas do mercado tem mais recursos que o pr\u00f3prio <strong>Power BI<\/strong> sozinho.<\/p>\n<p>E \u00e9 algo legal e correto perante a <strong>Microsoft<\/strong> conforme documenta\u00e7\u00f5es dispon\u00edveis.<\/p>\n<p>No mercado j\u00e1 temos bastante empresas ofertando esse tipo de solu\u00e7\u00e3o. Eu j\u00e1 devo ter tomado conhecimento de umas 15 plataformas de Power BI Embedded.<\/p>\n<p><strong>***A dica de hoje \u00e9 para voc\u00ea n\u00e3o levar sua empresa para um caminho de algo ilegal por um pequeno descuido ou falta de conhecimento.***<\/strong><\/p>\n<p>Conforme pode ser visto no print abaixo, sua plataforma de <strong>Power BI Embedded<\/strong> tem que usar uma <strong>capacidade (Fabric ou Power BI Embedded)<\/strong>.<\/p>\n<p><img loading=\"lazy\" decoding=\"async\" data-attachment-id=\"4234\" data-permalink=\"https:\/\/powertuning.com.br\/blog\/nao-contrate-uma-plataforma-de-power-bi-embedded-sem-antes-ler-isso\/capacidade\/\" data-orig-file=\"https:\/\/powertuning.com.br\/blog\/wp-content\/uploads\/2025\/01\/capacidade.jpg\" data-orig-size=\"744,374\" data-comments-opened=\"0\" data-image-meta=\"{&quot;aperture&quot;:&quot;0&quot;,&quot;credit&quot;:&quot;&quot;,&quot;camera&quot;:&quot;&quot;,&quot;caption&quot;:&quot;&quot;,&quot;created_timestamp&quot;:&quot;0&quot;,&quot;copyright&quot;:&quot;&quot;,&quot;focal_length&quot;:&quot;0&quot;,&quot;iso&quot;:&quot;0&quot;,&quot;shutter_speed&quot;:&quot;0&quot;,&quot;title&quot;:&quot;&quot;,&quot;orientation&quot;:&quot;0&quot;}\" data-image-title=\"capacidade\" data-image-description=\"\" data-image-caption=\"\" data-large-file=\"https:\/\/powertuning.com.br\/blog\/wp-content\/uploads\/2025\/01\/capacidade.jpg\" class=\"wp-image-4234 aligncenter\" src=\"https:\/\/powertuning.com.br\/blog\/wp-content\/uploads\/2025\/01\/capacidade-300x151.jpg\" alt=\"\" width=\"701\" height=\"353\" srcset=\"https:\/\/powertuning.com.br\/blog\/wp-content\/uploads\/2025\/01\/capacidade-300x151.jpg 300w, https:\/\/powertuning.com.br\/blog\/wp-content\/uploads\/2025\/01\/capacidade.jpg 744w\" sizes=\"auto, (max-width: 701px) 100vw, 701px\" \/>Link com a documenta\u00e7\u00e3o: <a href=\"https:\/\/learn.microsoft.com\/pt-br\/power-bi\/developer\/embedded\/move-to-production\" target=\"_blank\" rel=\"noopener\">https:\/\/learn.microsoft.com\/pt-br\/power-bi\/developer\/embedded\/move-to-production<\/a><\/p>\n<p><strong>N\u00e3o se pode utilizar licen\u00e7a pro dentro de uma plataforma de Power BI Embedded.<\/strong><\/p>\n<h3><strong>Checklist para a Contrata\u00e7\u00e3o de uma Plataforma de Power BI Embedded<\/strong><\/h3>\n<p>Ent\u00e3o, quando for validar as mais de 15 plataformas de embedded do mercado, para levar essa economia de custo e novas features para seu ambiente, fa\u00e7a a seguinte pergunta:<\/p>\n<p><strong>A plataforma de Embedded de voc\u00eas utiliza licen\u00e7a PRO ou capacidade para embeddar?<\/strong><\/p>\n<p>Se responderem licen\u00e7a pro, j\u00e1 agradece o contato e parte para a an\u00e1lise da pr\u00f3xima ferramenta.<\/p>\n<p>Mesmo eu ainda n\u00e3o conhecendo ningu\u00e9m que foi pego pela Microsoft, vale a pena correr esse risco?<\/p>\n<p>A diferen\u00e7a de custo das plataformas n\u00e3o \u00e9 alta para correr o risco de queimar seu nome com a gest\u00e3o da empresa e tamb\u00e9m de queimar o nome da empresa perante a Microsoft ou mercado.<\/p>\n<p><strong>\u00c9 muito risco para pouco retorno (economia).<\/strong><\/p>\n<p>Faz sentido isso para voc\u00eas?<\/p>\n<p>cc <a id=\"ember2751\" class=\"ember-view\" href=\"https:\/\/www.linkedin.com\/in\/dirceuresende\/\">Dirceu Resende<\/a> <a id=\"ember2752\" class=\"ember-view\" href=\"https:\/\/www.linkedin.com\/in\/rafaelmpsantos\/\">Rafael Mendon\u00e7a<\/a> <a id=\"ember2753\" class=\"ember-view\" href=\"https:\/\/www.linkedin.com\/in\/rsantosdev\/\">Rafael dos Santos<\/a> <a class=\"gNDVSUlysFTeyzqdLkmGtXiwIkTNLonGmA \" href=\"https:\/\/www.linkedin.com\/company\/sou-powertuning\/\" target=\"_self\" data-test-app-aware-link=\"\">Power Tuning<\/a> <a class=\"gNDVSUlysFTeyzqdLkmGtXiwIkTNLonGmA \" href=\"https:\/\/www.linkedin.com\/company\/azbr\/\" target=\"_self\" data-test-app-aware-link=\"\">AzureBrasil.cloud<\/a><\/p>\n<p>Fabr\u00edcio Lima,<\/p>\n<p>CEO Power Tuning<\/p>\n","protected":false},"excerpt":{"rendered":"<p>Fala Pessoal, Hoje vou deixar um recado ultra mega importante aqui que tem que ser de conhecimento de todos os gestores de TI que utilizam Power BI. Se uma empresa paga mais de 15 licen\u00e7as de Power BI Pro, tem que ter um motivo muito espec\u00edfico para ela n\u00e3o migrar para uma plataforma de Power&hellip; <br \/> <a class=\"read-more\" href=\"https:\/\/powertuning.com.br\/blog\/nao-contrate-uma-plataforma-de-power-bi-embedded-sem-antes-ler-isso\/\">Leia mais<\/a><\/p>\n","protected":false},"author":6,"featured_media":4271,"comment_status":"closed","ping_status":"closed","sticky":false,"template":"","format":"standard","meta":{"content-type":"","_exactmetrics_skip_tracking":false,"_exactmetrics_sitenote_active":false,"_exactmetrics_sitenote_note":"","_exactmetrics_sitenote_category":0,"jetpack_post_was_ever_published":false,"_jetpack_newsletter_access":"","_jetpack_dont_email_post_to_subs":false,"_jetpack_newsletter_tier_id":0,"_jetpack_memberships_contains_paywalled_content":false,"_jetpack_memberships_contains_paid_content":false,"footnotes":""},"categories":[234,64,183,167],"tags":[252,258,238,249,246,243,259,256,242,245,254,251,239,248,255,220,257,237,173,244,261,241,27,235,262,236,253,260,240,250,247],"class_list":["post-4233","post","type-post","status-publish","format-standard","has-post-thumbnail","hentry","category-gestao-de-ti","category-power-bi","category-power-embedded","category-power-pilot","tag-alternativas-ao-power-bi-pro","tag-analise-de-plataformas-power-bi","tag-aumento-de-preco-power-bi-pro","tag-capacidades-do-power-bi","tag-checklist-power-bi-embedded","tag-compliance-microsoft","tag-conformidade-com-microsoft","tag-dicas-para-gestores-de-ti","tag-economia-com-power-bi","tag-fabric-power-bi","tag-features-power-bi-embedded","tag-gestao-de-custos-ti","tag-gestao-de-ti","tag-ilegalidade-power-bi","tag-implementacao-power-bi","tag-integracao-power-bi","tag-licencas-corporativas-power-bi","tag-licencas-power-bi-pro","tag-microsoft-power-bi","tag-migracao-power-bi-embedded","tag-novas-funcionalidades-power-bi","tag-plataformas-power-bi-embedded","tag-power-bi","tag-power-bi-embedded","tag-power-bi-para-empresas","tag-reducao-de-custos","tag-regulamentacao-microsoft","tag-riscos-no-uso-do-power-bi","tag-solucoes-em-power-bi","tag-ti-corporativa","tag-validacao-de-plataformas"],"jetpack_featured_media_url":"https:\/\/powertuning.com.br\/blog\/wp-content\/uploads\/2025\/01\/Novidade-no-blog-2025-nao-contrate.png","jetpack_sharing_enabled":true,"_links":{"self":[{"href":"https:\/\/powertuning.com.br\/blog\/wp-json\/wp\/v2\/posts\/4233","targetHints":{"allow":["GET"]}}],"collection":[{"href":"https:\/\/powertuning.com.br\/blog\/wp-json\/wp\/v2\/posts"}],"about":[{"href":"https:\/\/powertuning.com.br\/blog\/wp-json\/wp\/v2\/types\/post"}],"author":[{"embeddable":true,"href":"https:\/\/powertuning.com.br\/blog\/wp-json\/wp\/v2\/users\/6"}],"replies":[{"embeddable":true,"href":"https:\/\/powertuning.com.br\/blog\/wp-json\/wp\/v2\/comments?post=4233"}],"version-history":[{"count":8,"href":"https:\/\/powertuning.com.br\/blog\/wp-json\/wp\/v2\/posts\/4233\/revisions"}],"predecessor-version":[{"id":4286,"href":"https:\/\/powertuning.com.br\/blog\/wp-json\/wp\/v2\/posts\/4233\/revisions\/4286"}],"wp:featuredmedia":[{"embeddable":true,"href":"https:\/\/powertuning.com.br\/blog\/wp-json\/wp\/v2\/media\/4271"}],"wp:attachment":[{"href":"https:\/\/powertuning.com.br\/blog\/wp-json\/wp\/v2\/media?parent=4233"}],"wp:term":[{"taxonomy":"category","embeddable":true,"href":"https:\/\/powertuning.com.br\/blog\/wp-json\/wp\/v2\/categories?post=4233"},{"taxonomy":"post_tag","embeddable":true,"href":"https:\/\/powertuning.com.br\/blog\/wp-json\/wp\/v2\/tags?post=4233"}],"curies":[{"name":"wp","href":"https:\/\/api.w.org\/{rel}","templated":true}]}}