{"id":3160,"date":"2024-03-16T15:05:51","date_gmt":"2024-03-16T18:05:51","guid":{"rendered":"https:\/\/powertuning.com.br\/?p=3160"},"modified":"2024-06-13T15:09:12","modified_gmt":"2024-06-13T18:09:12","slug":"power-embedded-controle-e-otimizacao-das-capacidades","status":"publish","type":"post","link":"https:\/\/powertuning.com.br\/blog\/power-embedded-controle-e-otimizacao-das-capacidades\/","title":{"rendered":"Power Embedded \u2022 Controle e otimiza\u00e7\u00e3o das capacidades"},"content":{"rendered":"<p>Nesse v\u00eddeo voc\u00ea ver\u00e1 um pouco sobre controle de capacidades. Ou seja, permitir que o pr\u00f3prio Power Embedded consiga gerenciar as suas capacidades, seja no Power BI Embedded ou no Microsoft Fabric.<\/p>\n<div class=\"lyte-wrapper fourthree\" style=\"width:420px;max-width:100%;margin:5px;\"><div class=\"lyMe\" id=\"WYL_qQbat3QZ0l4\"><div id=\"lyte_qQbat3QZ0l4\" data-src=\"\/\/i.ytimg.com\/vi\/qQbat3QZ0l4\/hqdefault.jpg\" class=\"pL\"><div class=\"tC\"><div class=\"tT\"><\/div><\/div><div class=\"play\"><\/div><div class=\"ctrl\"><div class=\"Lctrl\"><\/div><div class=\"Rctrl\"><\/div><\/div><\/div><noscript><a href=\"https:\/\/youtu.be\/qQbat3QZ0l4\" rel=\"nofollow\"><img loading=\"lazy\" decoding=\"async\" src=\"https:\/\/i.ytimg.com\/vi\/qQbat3QZ0l4\/0.jpg\" alt=\"YouTube video thumbnail\" width=\"420\" height=\"295\" \/><br \/>Assista a este v\u00eddeo no YouTube<\/a><\/noscript><\/div><\/div><div class=\"lL\" style=\"max-width:100%;width:420px;margin:5px;\"><\/div><\/p>\n<p><strong><span class=\"yt-core-attributed-string--link-inherit-color\" dir=\"auto\">CONTE\u00daDO DO V\u00cdDEO<\/span><\/strong><span class=\"yt-core-attributed-string--link-inherit-color\" dir=\"auto\"><br \/>\n<a class=\"yt-core-attributed-string__link yt-core-attributed-string__link--call-to-action-color\" tabindex=\"0\" href=\"https:\/\/www.youtube.com\/watch?v=qQbat3QZ0l4&amp;t=0s\" target=\"\" rel=\"nofollow noopener\">00:00<\/a><\/span><span class=\"yt-core-attributed-string--link-inherit-color\" dir=\"auto\"> &#8211; Introdu\u00e7\u00e3o<\/span><span class=\"yt-core-attributed-string--link-inherit-color\" dir=\"auto\"><br \/>\n<a class=\"yt-core-attributed-string__link yt-core-attributed-string__link--call-to-action-color\" tabindex=\"0\" href=\"https:\/\/www.youtube.com\/watch?v=qQbat3QZ0l4&amp;t=77s\" target=\"\" rel=\"nofollow noopener\">01:17<\/a><\/span><span class=\"yt-core-attributed-string--link-inherit-color\" dir=\"auto\"> &#8211; Como criar a capacidade no Portal do Azure<\/span><span class=\"yt-core-attributed-string--link-inherit-color\" dir=\"auto\"><br \/>\n<a class=\"yt-core-attributed-string__link yt-core-attributed-string__link--call-to-action-color\" tabindex=\"0\" href=\"https:\/\/www.youtube.com\/watch?v=qQbat3QZ0l4&amp;t=181s\" target=\"\" rel=\"nofollow noopener\">03:01<\/a><\/span><span class=\"yt-core-attributed-string--link-inherit-color\" dir=\"auto\"> &#8211; Liberando permiss\u00e3o na capacidade para o aplicativo do Power Embedded<\/span><span class=\"yt-core-attributed-string--link-inherit-color\" dir=\"auto\"><br \/>\n<a class=\"yt-core-attributed-string__link yt-core-attributed-string__link--call-to-action-color\" tabindex=\"0\" href=\"https:\/\/www.youtube.com\/watch?v=qQbat3QZ0l4&amp;t=371s\" target=\"\" rel=\"nofollow noopener\">06:11<\/a><\/span><span class=\"yt-core-attributed-string--link-inherit-color\" dir=\"auto\"> &#8211; Configurando a capacidade no Power Embedded<\/span><span class=\"yt-core-attributed-string--link-inherit-color\" dir=\"auto\"><br \/>\n<a class=\"yt-core-attributed-string__link yt-core-attributed-string__link--call-to-action-color\" tabindex=\"0\" href=\"https:\/\/www.youtube.com\/watch?v=qQbat3QZ0l4&amp;t=507s\" target=\"\" rel=\"nofollow noopener\">08:27<\/a><\/span><span class=\"yt-core-attributed-string--link-inherit-color\" dir=\"auto\"> &#8211; Configurando a otimiza\u00e7\u00e3o de custo por demanda<\/span><span class=\"yt-core-attributed-string--link-inherit-color\" dir=\"auto\"><br \/>\n<a class=\"yt-core-attributed-string__link yt-core-attributed-string__link--call-to-action-color\" tabindex=\"0\" href=\"https:\/\/www.youtube.com\/watch?v=qQbat3QZ0l4&amp;t=598s\" target=\"\" rel=\"nofollow noopener\">09:58<\/a><\/span><span class=\"yt-core-attributed-string--link-inherit-color\" dir=\"auto\"> &#8211; Configurando a otimiza\u00e7\u00e3o de custo por hor\u00e1rios<\/span><span class=\"yt-core-attributed-string--link-inherit-color\" dir=\"auto\"><br \/>\n<a class=\"yt-core-attributed-string__link yt-core-attributed-string__link--call-to-action-color\" tabindex=\"0\" href=\"https:\/\/www.youtube.com\/watch?v=qQbat3QZ0l4&amp;t=835s\" target=\"\" rel=\"nofollow noopener\">13:55<\/a><\/span><span class=\"yt-core-attributed-string--link-inherit-color\" dir=\"auto\"> &#8211; Como alterar a capacidade de um workspace<\/span><span class=\"yt-core-attributed-string--link-inherit-color\" dir=\"auto\"><br \/>\n<a class=\"yt-core-attributed-string__link yt-core-attributed-string__link--call-to-action-color\" tabindex=\"0\" href=\"https:\/\/www.youtube.com\/watch?v=qQbat3QZ0l4&amp;t=902s\" target=\"\" rel=\"nofollow noopener\">15:02<\/a><\/span><span class=\"yt-core-attributed-string--link-inherit-color\" dir=\"auto\"> &#8211; Como ativar a otimiza\u00e7\u00e3o de capacidade para ligar e desligar automaticamente<\/span><span class=\"yt-core-attributed-string--link-inherit-color\" dir=\"auto\"><br \/>\n<a class=\"yt-core-attributed-string__link yt-core-attributed-string__link--call-to-action-color\" tabindex=\"0\" href=\"https:\/\/www.youtube.com\/watch?v=qQbat3QZ0l4&amp;t=930s\" target=\"\" rel=\"nofollow noopener\">15:30<\/a><\/span><span class=\"yt-core-attributed-string--link-inherit-color\" dir=\"auto\"> &#8211; Atualizando o workspace para associar \u00e0 capacidade correta<\/span><span class=\"yt-core-attributed-string--link-inherit-color\" dir=\"auto\"><br \/>\n<a class=\"yt-core-attributed-string__link yt-core-attributed-string__link--call-to-action-color\" tabindex=\"0\" href=\"https:\/\/www.youtube.com\/watch?v=qQbat3QZ0l4&amp;t=996s\" target=\"\" rel=\"nofollow noopener\">16:36<\/a><\/span><span class=\"yt-core-attributed-string--link-inherit-color\" dir=\"auto\"> &#8211; Como \u00e9 a experi\u00eancia do usu\u00e1rio ao ligar a capacidade automaticamente<\/span><span class=\"yt-core-attributed-string--link-inherit-color\" dir=\"auto\"><br \/>\n<a class=\"yt-core-attributed-string__link yt-core-attributed-string__link--call-to-action-color\" tabindex=\"0\" href=\"https:\/\/www.youtube.com\/watch?v=qQbat3QZ0l4&amp;t=1050s\" target=\"\" rel=\"nofollow noopener\">17:30<\/a><\/span><span class=\"yt-core-attributed-string--link-inherit-color\" dir=\"auto\"> &#8211; Auditoria de capacidades<\/span><span class=\"yt-core-attributed-string--link-inherit-color\" dir=\"auto\"><br \/>\n<a class=\"yt-core-attributed-string__link yt-core-attributed-string__link--call-to-action-color\" tabindex=\"0\" href=\"https:\/\/www.youtube.com\/watch?v=qQbat3QZ0l4&amp;t=1213s\" target=\"\" rel=\"nofollow noopener\">20:13<\/a><\/span><span class=\"yt-core-attributed-string--link-inherit-color\" dir=\"auto\"> &#8211; Conclus\u00e3o do v\u00eddeo<br \/>\n<\/span><\/p>\n<p>Sua empresa usa o Power BI?<\/p>\n<p>Se sim, voc\u00ea tem que conhecer o Power Embedded para economizar($$$)!<\/p>\n<p>Nosso produto possue um portal com todas as cores e temas da sua empresa e ainda te faz economizar com licenciamento do Power BI. Al\u00e9m de muitas features extras que tornam o produto melhor que o uso direto da licen\u00e7a do Power BI PRO.<\/p>\n<p>Seu usu\u00e1rio final nem sabe que a Power Tuning \u00e9 respons\u00e1vel pelo Portal. Parece que foi desenvolvido interno com as customiza\u00e7\u00f5es que s\u00e3o realizadas. \u00c9 melhor e mais barato que a licen\u00e7a PRO, ent\u00e3o n\u00e3o tem porque voc\u00ea n\u00e3o parar um tempo para entender como esse produto funciona e levar para sua diretoria analisar essa melhoria.<\/p>\n<p><span class=\"yt-core-attributed-string--link-inherit-color\" dir=\"auto\"><a class=\"yt-core-attributed-string__link yt-core-attributed-string__link--call-to-action-color\" tabindex=\"0\" href=\"https:\/\/www.youtube.com\/hashtag\/powerbi\" target=\"\" rel=\"nofollow noopener\">#powerbi<\/a><\/span> <span class=\"yt-core-attributed-string--link-inherit-color\" dir=\"auto\"><a class=\"yt-core-attributed-string__link yt-core-attributed-string__link--call-to-action-color\" tabindex=\"0\" href=\"https:\/\/www.youtube.com\/hashtag\/pbi\" target=\"\" rel=\"nofollow noopener\">#pbi<\/a><\/span> <span class=\"yt-core-attributed-string--link-inherit-color\" dir=\"auto\"><a class=\"yt-core-attributed-string__link yt-core-attributed-string__link--call-to-action-color\" tabindex=\"0\" href=\"https:\/\/www.youtube.com\/hashtag\/embedded\" target=\"\" rel=\"nofollow noopener\">#embedded<\/a><\/span> <span class=\"yt-core-attributed-string--link-inherit-color\" dir=\"auto\"><a class=\"yt-core-attributed-string__link yt-core-attributed-string__link--call-to-action-color\" tabindex=\"0\" href=\"https:\/\/www.youtube.com\/hashtag\/powerbiembedded\" target=\"\" rel=\"nofollow noopener\">#powerbiembedded<\/a><\/span><\/p>\n","protected":false},"excerpt":{"rendered":"<p>Nesse v\u00eddeo voc\u00ea ver\u00e1 um pouco sobre controle de capacidades. Ou seja, permitir que o pr\u00f3prio Power Embedded consiga gerenciar as suas capacidades, seja no Power BI Embedded ou no Microsoft Fabric. Assista a este v\u00eddeo no YouTube CONTE\u00daDO DO V\u00cdDEO 00:00 &#8211; Introdu\u00e7\u00e3o 01:17 &#8211; Como criar a capacidade no Portal do Azure 03:01&hellip; <br \/> <a class=\"read-more\" href=\"https:\/\/powertuning.com.br\/blog\/power-embedded-controle-e-otimizacao-das-capacidades\/\">Leia mais<\/a><\/p>\n","protected":false},"author":4,"featured_media":3161,"comment_status":"closed","ping_status":"closed","sticky":false,"template":"","format":"standard","meta":{"content-type":"","_exactmetrics_skip_tracking":false,"_exactmetrics_sitenote_active":false,"_exactmetrics_sitenote_note":"","_exactmetrics_sitenote_category":0,"jetpack_post_was_ever_published":false,"_jetpack_newsletter_access":"","_jetpack_dont_email_post_to_subs":false,"_jetpack_newsletter_tier_id":0,"_jetpack_memberships_contains_paywalled_content":false,"_jetpack_memberships_contains_paid_content":false,"footnotes":""},"categories":[64,63],"tags":[163,166,27],"class_list":["post-3160","post","type-post","status-publish","format-standard","has-post-thumbnail","hentry","category-power-bi","category-sql-server","tag-embedded","tag-fabric","tag-power-bi"],"jetpack_featured_media_url":"https:\/\/powertuning.com.br\/blog\/wp-content\/uploads\/2024\/06\/Novidade-no-blog55.png","jetpack_sharing_enabled":true,"_links":{"self":[{"href":"https:\/\/powertuning.com.br\/blog\/wp-json\/wp\/v2\/posts\/3160","targetHints":{"allow":["GET"]}}],"collection":[{"href":"https:\/\/powertuning.com.br\/blog\/wp-json\/wp\/v2\/posts"}],"about":[{"href":"https:\/\/powertuning.com.br\/blog\/wp-json\/wp\/v2\/types\/post"}],"author":[{"embeddable":true,"href":"https:\/\/powertuning.com.br\/blog\/wp-json\/wp\/v2\/users\/4"}],"replies":[{"embeddable":true,"href":"https:\/\/powertuning.com.br\/blog\/wp-json\/wp\/v2\/comments?post=3160"}],"version-history":[{"count":2,"href":"https:\/\/powertuning.com.br\/blog\/wp-json\/wp\/v2\/posts\/3160\/revisions"}],"predecessor-version":[{"id":3163,"href":"https:\/\/powertuning.com.br\/blog\/wp-json\/wp\/v2\/posts\/3160\/revisions\/3163"}],"wp:featuredmedia":[{"embeddable":true,"href":"https:\/\/powertuning.com.br\/blog\/wp-json\/wp\/v2\/media\/3161"}],"wp:attachment":[{"href":"https:\/\/powertuning.com.br\/blog\/wp-json\/wp\/v2\/media?parent=3160"}],"wp:term":[{"taxonomy":"category","embeddable":true,"href":"https:\/\/powertuning.com.br\/blog\/wp-json\/wp\/v2\/categories?post=3160"},{"taxonomy":"post_tag","embeddable":true,"href":"https:\/\/powertuning.com.br\/blog\/wp-json\/wp\/v2\/tags?post=3160"}],"curies":[{"name":"wp","href":"https:\/\/api.w.org\/{rel}","templated":true}]}}