{"id":1872,"date":"2022-12-15T14:25:49","date_gmt":"2022-12-15T17:25:49","guid":{"rendered":"https:\/\/powertuning.com.br\/?p=1872"},"modified":"2022-12-15T14:25:49","modified_gmt":"2022-12-15T17:25:49","slug":"power-jornada-4","status":"publish","type":"post","link":"https:\/\/powertuning.com.br\/blog\/power-jornada-4\/","title":{"rendered":"Power Jornada"},"content":{"rendered":"<p><strong>Como tudo come\u00e7ou&#8230;<\/strong><br \/>\nAntes de entrar na Power, eu estava desempregada. Tive que pedir demiss\u00e3o na minha antiga empresa porque na \u00e9poca estava muito doente (tenho uma doen\u00e7a autoimune). Ent\u00e3o fiz um acordo para receber a rescis\u00e3o e aguardar o tempo do tratamento para entrar novamente no mercado. Quando comecei a buscar novas oportunidades, fui em uma palestra do Rodrigo com um amigo, o Renato que hoje trabalha conosco, e fiquei empolgada quando o Rodrigo me disse que abriria um novo processo seletivo para Junior. Quando finalmente ele abriu a vaga, me candidatei e a entrevista foi com o Fabr\u00edcio. Fiquei muito nervosa em ver, diante dos meus olhos, uma pessoa que sempre admirei, fui em palestras, mas nunca tinha conversado.<\/p>\n<p><strong>Um novo cap\u00edtulo<\/strong><br \/>\nConsegui entrar pelo processo seletivo e aos poucos fui me adequando e me acostumando com a forma de trabalho da Power. Quando finalmente peguei o ritmo, estudando, me dedicando, comecei a crescer na empresa e sempre sendo reconhecida pelo Fabr\u00edcio e pelo Rodrigo. Logo me vi fazendo coisas mais complexas, lidando bem com clientes e crescendo cada dia mais. E hoje tenho muita gratid\u00e3o por eles por tudo que j\u00e1 fizeram e fazem por mim. \u00c9 a primeira empresa que me sinto valorizada de verdade e que vejo que tenho oportunidades reais de crescimento.<\/p>\n<p><strong>Novos desafios<\/strong><br \/>\nHoje sou Head de um time e tento sempre passar para o pessoal um pouco dos passos que segui e motiv\u00e1-los a estudar e superar os desafios que s\u00e3o propostos no dia a dia. Tenho muita gratid\u00e3o pela equipe Power Tuning como um todo, pois todos t\u00eam algo a ensinar e todo mundo se ajuda. E eu gostaria de agradecer em especial ao Wesley por me dar apoio todos os dias, um super Head e uma pessoa sensacional.<\/p>\n<p>Assim como a Gabrielly, voc\u00ea tamb\u00e9m tem grandes chances de crescer aqui na Power!<\/p>\n<p>T\u00e1 sabendo que estamos com vaga aberta?<\/p>\n<p>Clique aqui e se inscreva:<br \/>\n<a href=\"https:\/\/powertuning.com.br\/vaga-dba\">https:\/\/powertuning.com.br\/vaga-dba<\/a><\/p>\n","protected":false},"excerpt":{"rendered":"<p>Como tudo come\u00e7ou&#8230; Antes de entrar na Power, eu estava desempregada. Tive que pedir demiss\u00e3o na minha antiga empresa porque na \u00e9poca estava muito doente (tenho uma doen\u00e7a autoimune). Ent\u00e3o fiz um acordo para receber a rescis\u00e3o e aguardar o tempo do tratamento para entrar novamente no mercado. Quando comecei a buscar novas oportunidades, fui&hellip; <br \/> <a class=\"read-more\" href=\"https:\/\/powertuning.com.br\/blog\/power-jornada-4\/\">Leia mais<\/a><\/p>\n","protected":false},"author":5,"featured_media":1873,"comment_status":"closed","ping_status":"closed","sticky":false,"template":"","format":"standard","meta":{"content-type":"","_exactmetrics_skip_tracking":false,"_exactmetrics_sitenote_active":false,"_exactmetrics_sitenote_note":"","_exactmetrics_sitenote_category":0,"jetpack_post_was_ever_published":false,"_jetpack_newsletter_access":"","_jetpack_dont_email_post_to_subs":false,"_jetpack_newsletter_tier_id":0,"_jetpack_memberships_contains_paywalled_content":false,"_jetpack_memberships_contains_paid_content":false,"footnotes":""},"categories":[6,32],"tags":[],"class_list":["post-1872","post","type-post","status-publish","format-standard","has-post-thumbnail","hentry","category-noricias","category-vagas"],"jetpack_featured_media_url":"https:\/\/powertuning.com.br\/blog\/wp-content\/uploads\/2022\/12\/Screenshot-2022-12-15-140226.png","jetpack_sharing_enabled":true,"_links":{"self":[{"href":"https:\/\/powertuning.com.br\/blog\/wp-json\/wp\/v2\/posts\/1872","targetHints":{"allow":["GET"]}}],"collection":[{"href":"https:\/\/powertuning.com.br\/blog\/wp-json\/wp\/v2\/posts"}],"about":[{"href":"https:\/\/powertuning.com.br\/blog\/wp-json\/wp\/v2\/types\/post"}],"author":[{"embeddable":true,"href":"https:\/\/powertuning.com.br\/blog\/wp-json\/wp\/v2\/users\/5"}],"replies":[{"embeddable":true,"href":"https:\/\/powertuning.com.br\/blog\/wp-json\/wp\/v2\/comments?post=1872"}],"version-history":[{"count":2,"href":"https:\/\/powertuning.com.br\/blog\/wp-json\/wp\/v2\/posts\/1872\/revisions"}],"predecessor-version":[{"id":1875,"href":"https:\/\/powertuning.com.br\/blog\/wp-json\/wp\/v2\/posts\/1872\/revisions\/1875"}],"wp:featuredmedia":[{"embeddable":true,"href":"https:\/\/powertuning.com.br\/blog\/wp-json\/wp\/v2\/media\/1873"}],"wp:attachment":[{"href":"https:\/\/powertuning.com.br\/blog\/wp-json\/wp\/v2\/media?parent=1872"}],"wp:term":[{"taxonomy":"category","embeddable":true,"href":"https:\/\/powertuning.com.br\/blog\/wp-json\/wp\/v2\/categories?post=1872"},{"taxonomy":"post_tag","embeddable":true,"href":"https:\/\/powertuning.com.br\/blog\/wp-json\/wp\/v2\/tags?post=1872"}],"curies":[{"name":"wp","href":"https:\/\/api.w.org\/{rel}","templated":true}]}}