{"id":1828,"date":"2022-11-03T10:27:44","date_gmt":"2022-11-03T13:27:44","guid":{"rendered":"https:\/\/powertuning.com.br\/?p=1828"},"modified":"2022-11-03T10:29:21","modified_gmt":"2022-11-03T13:29:21","slug":"power-jornada","status":"publish","type":"post","link":"https:\/\/powertuning.com.br\/blog\/power-jornada\/","title":{"rendered":"Power Jornada"},"content":{"rendered":"<p>Conhe\u00e7a um pouco mais a hist\u00f3ria do nosso consultor Walter!<\/p>\n<p><strong>Como tudo come\u00e7ou&#8230;<\/strong><\/p>\n<p>Em 31 de julho de 2020 eu pedi demiss\u00e3o da empresa que eu estava para viver do mercado financeiro. Loucura, n\u00e9? Ent\u00e3o, tive um m\u00eas de agosto muito bom financeiramente, por\u00e9m aquele m\u00eas foi t\u00e3o intenso psicologicamente, por n\u00e3o ter uma renda garantida (antes j\u00e1 mexia no mercado financeiro, mas n\u00e3o era ele que pagava as contas). Ent\u00e3o, em setembro, pensei comigo: \u201cterei que voltar para o mercado de trabalho para ter pelo menos parte das contas garantidas\u201d, para n\u00e3o sofrer tanto como tinha sofrido. Eu trabalhava antes com programa\u00e7\u00e3o e n\u00e3o queria voltar para essa \u00e1rea e, como sempre gostei muito de banco de dados (mais na parte de tuning, pois na parte de administra\u00e7\u00e3o do banco n\u00e3o tinha tanto conhecimento), mandei uma msg para o Fabr\u00edcio perguntando o que seria preciso saber para poder concorrer a uma pr\u00f3xima vaga na Power Tuning.<\/p>\n<p><strong>Mudan\u00e7a de planos<\/strong><\/p>\n<p>Ele me respondeu que se fizesse o curso dele: \u201cTarefas do Dia a dia de um DBA\u201d e, assim que fosse aberto uma vaga, eu participaria. Comprei o curso e 5 minutos depois ele estava me ligando! Me ofereceu uma vaga de DBA Jr, com sal\u00e1rio bem de iniciante, para acelerar meus estudos e assim n\u00e3o precisaria esperar abrir uma vaga. Aceitei com muita gratid\u00e3o e logo iniciei o trabalho. De cara a Power j\u00e1 mostraria o qu\u00e3o diferenciada era. Me senti muito bem acolhido e ambientado. Isso me deu ainda mais \u00e2nimo de n\u00e3o ser um emprego de apoio e sim de um lugar que eu queria fazer parte e crescer. Ca\u00ed em cima nos estudos e nos clientes e tive um reconhecimento muito r\u00e1pido do Fabr\u00edcio e do Rodrigo. No meu 1\u00ba ano fui promovido\/reconhecido diversas vezes. Algo nunca pensado, pelas experi\u00eancias que tive. E esses reconhecimentos n\u00e3o pararam e no final de 2021 entrei para o grupo de pessoas de confian\u00e7a para fazer o Sobreaviso N2, para auxiliar em problemas mais complexos os plantonistas da madrugada e do final de semana. Nesse tempo todo me destaquei muito na parte de tuning, virando um pouco de refer\u00eancia dentro da Power para quest\u00f5es mais complexas nessa \u00e1rea. E acho que devido a isso, que 1 ano e 10 meses depois dessa decis\u00e3o acertada de entrar para a Power, mesmo que l\u00e1 de baixo, fui promovido a Head, com a inten\u00e7\u00e3o de orientar mais e mais gente nesse seguimento.<\/p>\n<p>Assim como o Walter, voc\u00ea tamb\u00e9m tem grandes chances de crescer aqui na Power!<\/p>\n<p>T\u00e1 sabendo que estamos com vaga aberta?<\/p>\n<p>Clique aqui e se inscreva:<br \/>\n<a href=\"https:\/\/powertuning.com.br\/vaga-dba\">https:\/\/powertuning.com.br\/vaga-dba<\/a><\/p>\n","protected":false},"excerpt":{"rendered":"<p>Conhe\u00e7a um pouco mais a hist\u00f3ria do nosso consultor Walter! Como tudo come\u00e7ou&#8230; Em 31 de julho de 2020 eu pedi demiss\u00e3o da empresa que eu estava para viver do mercado financeiro. Loucura, n\u00e9? Ent\u00e3o, tive um m\u00eas de agosto muito bom financeiramente, por\u00e9m aquele m\u00eas foi t\u00e3o intenso psicologicamente, por n\u00e3o ter uma renda&hellip; <br \/> <a class=\"read-more\" href=\"https:\/\/powertuning.com.br\/blog\/power-jornada\/\">Leia mais<\/a><\/p>\n","protected":false},"author":1,"featured_media":1829,"comment_status":"closed","ping_status":"closed","sticky":false,"template":"","format":"standard","meta":{"content-type":"","_exactmetrics_skip_tracking":false,"_exactmetrics_sitenote_active":false,"_exactmetrics_sitenote_note":"","_exactmetrics_sitenote_category":0,"jetpack_post_was_ever_published":false,"_jetpack_newsletter_access":"","_jetpack_dont_email_post_to_subs":false,"_jetpack_newsletter_tier_id":0,"_jetpack_memberships_contains_paywalled_content":false,"_jetpack_memberships_contains_paid_content":false,"footnotes":""},"categories":[7,32],"tags":[],"class_list":["post-1828","post","type-post","status-publish","format-standard","has-post-thumbnail","hentry","category-noticias","category-vagas"],"jetpack_featured_media_url":"https:\/\/powertuning.com.br\/blog\/wp-content\/uploads\/2022\/11\/walter.png","jetpack_sharing_enabled":true,"_links":{"self":[{"href":"https:\/\/powertuning.com.br\/blog\/wp-json\/wp\/v2\/posts\/1828","targetHints":{"allow":["GET"]}}],"collection":[{"href":"https:\/\/powertuning.com.br\/blog\/wp-json\/wp\/v2\/posts"}],"about":[{"href":"https:\/\/powertuning.com.br\/blog\/wp-json\/wp\/v2\/types\/post"}],"author":[{"embeddable":true,"href":"https:\/\/powertuning.com.br\/blog\/wp-json\/wp\/v2\/users\/1"}],"replies":[{"embeddable":true,"href":"https:\/\/powertuning.com.br\/blog\/wp-json\/wp\/v2\/comments?post=1828"}],"version-history":[{"count":2,"href":"https:\/\/powertuning.com.br\/blog\/wp-json\/wp\/v2\/posts\/1828\/revisions"}],"predecessor-version":[{"id":1831,"href":"https:\/\/powertuning.com.br\/blog\/wp-json\/wp\/v2\/posts\/1828\/revisions\/1831"}],"wp:featuredmedia":[{"embeddable":true,"href":"https:\/\/powertuning.com.br\/blog\/wp-json\/wp\/v2\/media\/1829"}],"wp:attachment":[{"href":"https:\/\/powertuning.com.br\/blog\/wp-json\/wp\/v2\/media?parent=1828"}],"wp:term":[{"taxonomy":"category","embeddable":true,"href":"https:\/\/powertuning.com.br\/blog\/wp-json\/wp\/v2\/categories?post=1828"},{"taxonomy":"post_tag","embeddable":true,"href":"https:\/\/powertuning.com.br\/blog\/wp-json\/wp\/v2\/tags?post=1828"}],"curies":[{"name":"wp","href":"https:\/\/api.w.org\/{rel}","templated":true}]}}