{"id":1777,"date":"2022-07-12T09:55:16","date_gmt":"2022-07-12T12:55:16","guid":{"rendered":"https:\/\/powertuning.com.br\/?p=1777"},"modified":"2022-07-12T10:01:14","modified_gmt":"2022-07-12T13:01:14","slug":"8-anos-de-power-tuning-chegamos-a-marca-de-500-empresas-atendidas","status":"publish","type":"post","link":"https:\/\/powertuning.com.br\/blog\/8-anos-de-power-tuning-chegamos-a-marca-de-500-empresas-atendidas\/","title":{"rendered":"[8 anos de Power Tuning] Chegamos \u00e0 marca de 500 empresas atendidas"},"content":{"rendered":"<p class=\"swift-in-viewport\">Fala Pessoal,<\/p>\n<p class=\"swift-in-viewport\">Esse \u00e9 meu tradicional post de anivers\u00e1rio de empresa. Vai que um dia viramos algu\u00e9m muito grande, j\u00e1 tem hist\u00f3ria escrita aqui para um livro\u2026 rsrsrs<\/p>\n<p class=\"swift-in-viewport\">Post de 7 anos de empresa:\u00a0<a href=\"https:\/\/www.fabriciolima.net\/blog\/2021\/07\/03\/7-anos-de-power-tuning-praticamente-dobramos-os-consultores\/\" target=\"_blank\" rel=\"noopener noreferrer\" data-wpel-link=\"internal\">https:\/\/www.fabriciolima.net\/blog\/2021\/07\/03\/7-anos-de-power-tuning-praticamente-dobramos-os-consultores\/<\/a><\/p>\n<p class=\"swift-in-viewport\">Ent\u00e3o vamos aos fatos mais marcantes dos \u00faltimos 365 dias:<\/p>\n<h5><strong>Acontecimentos do ano<\/strong><\/h5>\n<p class=\"swift-in-viewport\">O mercado de trabalho de TI continua muito aquecido. Ent\u00e3o continuamos nossos esfor\u00e7os aqui para dar novos benef\u00edcios e valorizar os profissionais que est\u00e3o se destacando na empresa para que possam querer ficar aqui por muito tempo.<\/p>\n<p class=\"swift-in-viewport\">Al\u00e9m disso, crescemos em quase 20% o n\u00famero de consultores. Ent\u00e3o tamb\u00e9m contribu\u00edmos para esse mercado de trabalho aquecido.<\/p>\n<p class=\"swift-in-viewport\">Aos que sa\u00edram da Power Tuning nesse \u00faltimo ano, s\u00f3 tenho a agradecer a contribui\u00e7\u00e3o que deram para o nosso crescimento. Esperamos que tenhamos contribu\u00eddo para o crescimento profissional de voc\u00eas tamb\u00e9m.<\/p>\n<p class=\"swift-in-viewport\">E aos que permaneceram ou chegaram no \u00faltimo ano, tamb\u00e9m agrade\u00e7o a vontade de querer fazer parte do nosso time, para nos ajudar nessa evolu\u00e7\u00e3o cont\u00ednua que teremos.<\/p>\n<p class=\"swift-in-viewport\">Nossa ideia \u00e9 valorizar cada vez mais quem veste a camisa, continua conosco e acredita no nosso projeto de longo prazo (famoso buy and hold).<\/p>\n<p class=\"swift-in-viewport\">No final do ano passado realizamos o primeiro (de muitos) DBA Head Summit.<\/p>\n<p class=\"swift-in-viewport\">Aproveitamos um treinamento do Fabiano Amorim que aconteceu em SP e reunimos todos os Heads em uma mans\u00e3o. Chamamos o nome do evento de DBA Head Summit, pois foi a primeira vez que reunimos todas as lideran\u00e7as dos times de DBA presencialmente.<\/p>\n<p class=\"swift-in-viewport\">Essa experi\u00eancia foi sensacional e j\u00e1 estamos no planejamento no pr\u00f3ximo DBA Head Summit que acontecer\u00e1 em Bras\u00edlia ainda neste ano.<\/p>\n<p><img loading=\"lazy\" decoding=\"async\" data-attachment-id=\"1779\" data-permalink=\"https:\/\/powertuning.com.br\/blog\/8-anos-de-power-tuning-chegamos-a-marca-de-500-empresas-atendidas\/2-5\/\" data-orig-file=\"https:\/\/powertuning.com.br\/blog\/wp-content\/uploads\/2022\/07\/2.jpeg\" data-orig-size=\"700,525\" data-comments-opened=\"0\" data-image-meta=\"{&quot;aperture&quot;:&quot;0&quot;,&quot;credit&quot;:&quot;&quot;,&quot;camera&quot;:&quot;&quot;,&quot;caption&quot;:&quot;&quot;,&quot;created_timestamp&quot;:&quot;0&quot;,&quot;copyright&quot;:&quot;&quot;,&quot;focal_length&quot;:&quot;0&quot;,&quot;iso&quot;:&quot;0&quot;,&quot;shutter_speed&quot;:&quot;0&quot;,&quot;title&quot;:&quot;&quot;,&quot;orientation&quot;:&quot;0&quot;}\" data-image-title=\"2\" data-image-description=\"\" data-image-caption=\"\" data-large-file=\"https:\/\/powertuning.com.br\/blog\/wp-content\/uploads\/2022\/07\/2.jpeg\" class=\"size-full wp-image-1779 aligncenter\" src=\"https:\/\/powertuning.com.br\/blog\/wp-content\/uploads\/2022\/07\/2.jpeg\" alt=\"\" width=\"700\" height=\"525\" srcset=\"https:\/\/powertuning.com.br\/blog\/wp-content\/uploads\/2022\/07\/2.jpeg 700w, https:\/\/powertuning.com.br\/blog\/wp-content\/uploads\/2022\/07\/2-300x225.jpeg 300w, https:\/\/powertuning.com.br\/blog\/wp-content\/uploads\/2022\/07\/2-20x15.jpeg 20w\" sizes=\"auto, (max-width: 700px) 100vw, 700px\" \/> <img loading=\"lazy\" decoding=\"async\" data-attachment-id=\"1780\" data-permalink=\"https:\/\/powertuning.com.br\/blog\/8-anos-de-power-tuning-chegamos-a-marca-de-500-empresas-atendidas\/3-5\/\" data-orig-file=\"https:\/\/powertuning.com.br\/blog\/wp-content\/uploads\/2022\/07\/3.jpeg\" data-orig-size=\"700,700\" data-comments-opened=\"0\" data-image-meta=\"{&quot;aperture&quot;:&quot;0&quot;,&quot;credit&quot;:&quot;&quot;,&quot;camera&quot;:&quot;&quot;,&quot;caption&quot;:&quot;&quot;,&quot;created_timestamp&quot;:&quot;0&quot;,&quot;copyright&quot;:&quot;&quot;,&quot;focal_length&quot;:&quot;0&quot;,&quot;iso&quot;:&quot;0&quot;,&quot;shutter_speed&quot;:&quot;0&quot;,&quot;title&quot;:&quot;&quot;,&quot;orientation&quot;:&quot;0&quot;}\" data-image-title=\"3\" data-image-description=\"\" data-image-caption=\"\" data-large-file=\"https:\/\/powertuning.com.br\/blog\/wp-content\/uploads\/2022\/07\/3.jpeg\" class=\"size-full wp-image-1780 aligncenter\" src=\"https:\/\/powertuning.com.br\/blog\/wp-content\/uploads\/2022\/07\/3.jpeg\" alt=\"\" width=\"700\" height=\"700\" srcset=\"https:\/\/powertuning.com.br\/blog\/wp-content\/uploads\/2022\/07\/3.jpeg 700w, https:\/\/powertuning.com.br\/blog\/wp-content\/uploads\/2022\/07\/3-300x300.jpeg 300w, https:\/\/powertuning.com.br\/blog\/wp-content\/uploads\/2022\/07\/3-150x150.jpeg 150w, https:\/\/powertuning.com.br\/blog\/wp-content\/uploads\/2022\/07\/3-20x20.jpeg 20w\" sizes=\"auto, (max-width: 700px) 100vw, 700px\" \/><\/p>\n<p>&nbsp;<\/p>\n<p>De um cantinho em Vila Velha-ES para o mundo!!!<\/p>\n<p><img loading=\"lazy\" decoding=\"async\" data-attachment-id=\"1781\" data-permalink=\"https:\/\/powertuning.com.br\/blog\/8-anos-de-power-tuning-chegamos-a-marca-de-500-empresas-atendidas\/4-6\/\" data-orig-file=\"https:\/\/powertuning.com.br\/blog\/wp-content\/uploads\/2022\/07\/4.jpeg\" data-orig-size=\"700,656\" data-comments-opened=\"0\" data-image-meta=\"{&quot;aperture&quot;:&quot;0&quot;,&quot;credit&quot;:&quot;&quot;,&quot;camera&quot;:&quot;&quot;,&quot;caption&quot;:&quot;&quot;,&quot;created_timestamp&quot;:&quot;0&quot;,&quot;copyright&quot;:&quot;&quot;,&quot;focal_length&quot;:&quot;0&quot;,&quot;iso&quot;:&quot;0&quot;,&quot;shutter_speed&quot;:&quot;0&quot;,&quot;title&quot;:&quot;&quot;,&quot;orientation&quot;:&quot;0&quot;}\" data-image-title=\"4\" data-image-description=\"\" data-image-caption=\"\" data-large-file=\"https:\/\/powertuning.com.br\/blog\/wp-content\/uploads\/2022\/07\/4.jpeg\" class=\"size-full wp-image-1781 aligncenter\" src=\"https:\/\/powertuning.com.br\/blog\/wp-content\/uploads\/2022\/07\/4.jpeg\" alt=\"\" width=\"700\" height=\"656\" srcset=\"https:\/\/powertuning.com.br\/blog\/wp-content\/uploads\/2022\/07\/4.jpeg 700w, https:\/\/powertuning.com.br\/blog\/wp-content\/uploads\/2022\/07\/4-300x281.jpeg 300w, https:\/\/powertuning.com.br\/blog\/wp-content\/uploads\/2022\/07\/4-20x20.jpeg 20w\" sizes=\"auto, (max-width: 700px) 100vw, 700px\" \/><\/p>\n<p class=\"swift-in-viewport\">Agradecimento ao nosso BI Team Leader\u00a0<strong>Rafael Mendon\u00e7a<\/strong>\u00a0pela disponibiliza\u00e7\u00e3o desse mapa.<\/p>\n<p class=\"swift-in-viewport\">Link para acompanhamento do mapa:\u00a0<a class=\"external-link wpel-icon-left\" href=\"http:\/\/powertuning.com.br\/mapaclientes\" target=\"_blank\" rel=\"noopener noreferrer nofollow external\" data-wpel-link=\"external\">http:\/\/powertuning.com.br\/mapaclientes<\/a><\/p>\n<p class=\"swift-in-viewport\">Um agradecimento tamb\u00e9m ao nosso Marketing por esse reels liberado hoje em nosso instagram:<\/p>\n<ul class=\"swift-in-viewport\">\n<li><a class=\"external-link wpel-icon-left\" href=\"https:\/\/www.instagram.com\/reel\/CfjFTR7l5Bc\/?igshid=MDJmNzVkMjY=\" target=\"_blank\" rel=\"noopener noreferrer nofollow external\" data-wpel-link=\"external\">https:\/\/www.instagram.com\/reel\/CfjFTR7l5Bc\/?igshid=MDJmNzVkMjY=<\/a><\/li>\n<\/ul>\n<p class=\"swift-in-viewport\">Confiram l\u00e1 que ficou emocionante (pelo menos para mim)!<\/p>\n<h5><\/h5>\n<h5><strong>Parceria com o Fabiano Amorim<\/strong><\/h5>\n<p class=\"swift-in-viewport\">Aumentamos nossa parceria com o\u00a0<strong>Fabiano Amorim<\/strong>\u00a0e agora somos a \u00fanica consultoria de DBA SQL Server aqui no Brasil que consegue escalar um problema de performance com o melhor profissional de Tuning do Brasil (Fabiano)!<\/p>\n<p class=\"swift-in-viewport\">Na minha opini\u00e3o, isso \u00e9 um baita de um diferencial da Power Tuning.<\/p>\n<p class=\"swift-in-viewport\">Eu gostaria de ter o apoio de uma empresa que conseguiria escalar um problema de Performance no Fabiano (ou dumps no SQL Server rsrs).<\/p>\n<h5><\/h5>\n<h5><strong>Benef\u00edcios Power Tuning<\/strong><\/h5>\n<p class=\"swift-in-viewport\">Esse \u00faltimo ano criamos mais 2 benef\u00edcios:<\/p>\n<ul class=\"swift-in-viewport\">\n<li>F\u00e9rias padr\u00e3o Europa: Nossos consultores podem tirar 24 dias \u00fateis de f\u00e9rias durante o ano. O pessoal tem aproveitado bem para fazer umas mini viagens por aqui.<\/li>\n<li>Fizemos uma nova camisa de corrida e agora pagamos uma corrida por m\u00eas para incentivar a pr\u00e1tica de atividade f\u00edsica de nossos consultores.<\/li>\n<\/ul>\n<p class=\"swift-in-viewport\">Eu e o\u00a0<strong>Walter ZERO segundos<\/strong>\u00a0na inaugura\u00e7\u00e3o da camisa de corrida:<\/p>\n<p><img loading=\"lazy\" decoding=\"async\" data-attachment-id=\"1783\" data-permalink=\"https:\/\/powertuning.com.br\/blog\/8-anos-de-power-tuning-chegamos-a-marca-de-500-empresas-atendidas\/6-5\/\" data-orig-file=\"https:\/\/powertuning.com.br\/blog\/wp-content\/uploads\/2022\/07\/6.jpeg\" data-orig-size=\"410,547\" data-comments-opened=\"0\" data-image-meta=\"{&quot;aperture&quot;:&quot;0&quot;,&quot;credit&quot;:&quot;&quot;,&quot;camera&quot;:&quot;&quot;,&quot;caption&quot;:&quot;&quot;,&quot;created_timestamp&quot;:&quot;0&quot;,&quot;copyright&quot;:&quot;&quot;,&quot;focal_length&quot;:&quot;0&quot;,&quot;iso&quot;:&quot;0&quot;,&quot;shutter_speed&quot;:&quot;0&quot;,&quot;title&quot;:&quot;&quot;,&quot;orientation&quot;:&quot;0&quot;}\" data-image-title=\"6\" data-image-description=\"\" data-image-caption=\"\" data-large-file=\"https:\/\/powertuning.com.br\/blog\/wp-content\/uploads\/2022\/07\/6.jpeg\" class=\"size-full wp-image-1783 aligncenter\" src=\"https:\/\/powertuning.com.br\/blog\/wp-content\/uploads\/2022\/07\/6.jpeg\" alt=\"\" width=\"410\" height=\"547\" srcset=\"https:\/\/powertuning.com.br\/blog\/wp-content\/uploads\/2022\/07\/6.jpeg 410w, https:\/\/powertuning.com.br\/blog\/wp-content\/uploads\/2022\/07\/6-225x300.jpeg 225w, https:\/\/powertuning.com.br\/blog\/wp-content\/uploads\/2022\/07\/6-15x20.jpeg 15w\" sizes=\"auto, (max-width: 410px) 100vw, 410px\" \/><\/p>\n<p>&nbsp;<\/p>\n<p class=\"swift-in-viewport\">Outros benef\u00edcios da Power Tuning:<\/p>\n<ul class=\"swift-in-viewport\">\n<li>Pegou plant\u00e3o no final de semana, ganha as horas extras e uma folga na semana.<\/li>\n<li>Folga no dia do anivers\u00e1rio. Se cair no fds ou feriado, jogamos a folga para sexta ou segunda.<\/li>\n<li>Folga no dia do anivers\u00e1rio do Filho.<\/li>\n<li>Quem completar 5 anos de Power Tuning, vai receber uma experi\u00eancia como pr\u00eamio. Vamos pagar uma viagem para aproveitar o fim de semana com a fam\u00edlia e comemorar essa grande conquista.<\/li>\n<li>Quem completar 3 anos de Power Tuning, damos uma ajuda para dar um Upgrade no PC.<\/li>\n<li>Ap\u00f3s ter um beb\u00ea, o pai tem licen\u00e7a garantida de 3 semanas e a m\u00e3e de 6 meses.<\/li>\n<li>No dia 12 de outubro, damos um valor em dinheiro para voc\u00ea comprar uma lembran\u00e7a para seu filho em nosso nome.<\/li>\n<li>Oferecemos aux\u00edlio psicol\u00f3gico a todos os colaboradores.<\/li>\n<li>Escala noturna diferenciada com revezamento para trabalhar poucos meses a noite no ano e quando trabalhar a noite ter apenas 15 dias \u00fateis de trabalho e n\u00e3o 20 (aproximadamente) igual os consultores da manh\u00e3.\n<ul class=\"swift-in-viewport\">\n<li>Al\u00e9m disso,\u00a0<strong>quem trabalha na escala da noite ganha 100 horas extras no m\u00eas.<\/strong><\/li>\n<li>Quem trabalha na escala da noite dava feedback que um fator negativo era n\u00e3o ter o time completo do dia para poder aprender. Agora, uma vez por semana, eles fazem uma mentoria de 1 hora com um profissional da Europa (n\u00edvel 400) que tem um fuso hor\u00e1rio diferente do nosso.<\/li>\n<\/ul>\n<\/li>\n<li>Cursos gr\u00e1tis ilimitados na plataforma da Power Tuning.<\/li>\n<li>Treinamentos internos com nossos casos reais e consultores parceiros.<\/li>\n<li>Reembolsamos certifica\u00e7\u00e3o.<\/li>\n<\/ul>\n<h5><\/h5>\n<h5><strong>Grupo de Especialistas N\u00edvel 400<\/strong><\/h5>\n<p class=\"swift-in-viewport\">Uma das minhas maiores preocupa\u00e7\u00f5es gerenciando uma empresa de Consultoria em Banco de Dados \u00e9:<\/p>\n<p class=\"swift-in-viewport\">Se acontecer um problema ultra\/mega complexo:<\/p>\n<ul class=\"swift-in-viewport\">\n<li>Vamos conseguir solucionar?<\/li>\n<li>Quanto tempo vamos levar?<\/li>\n<\/ul>\n<p class=\"swift-in-viewport\">J\u00e1 cont\u00e1vamos com\u00a0<strong>Rodrigo<\/strong>,\u00a0<strong>Raiane<\/strong>,\u00a0<strong>Fabiano Amorim<\/strong>\u00a0e todos os\u00a0<strong>Heads\u00a0<\/strong>para escalar esse tipo de problema.<\/p>\n<p class=\"swift-in-viewport\">Contudo, pela quantidade de clientes que temos, ainda n\u00e3o estava confort\u00e1vel. Poderia ter um gargalo de ajuda para nossos DBAs da opera\u00e7\u00e3o escalarem.<\/p>\n<p class=\"swift-in-viewport\">Pensando nisso, escovando dentes (kkkk), tive uma ideia de convidar profissionais para compor um time que apelidamos de\u00a0<strong>n\u00edvel 400<\/strong>.<\/p>\n<p class=\"swift-in-viewport\">Profissionais com experi\u00eancia de 15\/20\/25 anos de mercado, que atuam em grandes institui\u00e7\u00f5es com ambiente de miss\u00e3o cr\u00edtica tanto no Brasil quanto no mundo.<\/p>\n<p class=\"swift-in-viewport\">Imagina quantos problemas esses profissionais j\u00e1 n\u00e3o resolveram em suas carreiras!!!<\/p>\n<p class=\"swift-in-viewport\">Foi um baita acerto e nosso time de DBAs curtiu demais esse investimento que fizemos.<\/p>\n<p class=\"swift-in-viewport\">Na minha opini\u00e3o, essa foi uma das nossas maiores melhorias como empresa nesse \u00faltimo ano (junto com o Fabiano com mais tempo s\u00f3 para a Power Tuning).<\/p>\n<p class=\"swift-in-viewport\">Por motivos de confidencialidade, os nomes dos envolvidos n\u00e3o ser\u00e3o detalhados nesse post.<\/p>\n<p class=\"swift-in-viewport\">Em nosso time de BI tamb\u00e9m temos essa preocupa\u00e7\u00e3o, mas l\u00e1 j\u00e1 temos a seguran\u00e7a do\u00a0<strong>Rafael Mendon\u00e7a<\/strong>\u00a0e\u00a0<strong>Dirceu Resende<\/strong>\u00a0para conseguir esse n\u00edvel de escala\u00e7\u00e3o nos desafios de projetos de BI.<\/p>\n<h5><strong>Plataforma de Cursos<\/strong><\/h5>\n<p class=\"swift-in-viewport\">Ano passado t\u00ednhamos\u00a0\u00a0<strong>2.601 alunos<\/strong>\u00a0inscritos na plataforma de cursos e\u00a0<strong>agora estamos com 3.549 alunos<\/strong>\u00a0cadastrados.<\/p>\n<p class=\"swift-in-viewport\"><strong>Um crescimento de 36%. Muito bom!<\/strong><\/p>\n<p class=\"swift-in-viewport\">Muita gente crescendo profissionalmente com nossos cursos e dando feedbacks sensacionais no\u00a0<strong>Linkedin<\/strong>.<\/p>\n<p class=\"swift-in-viewport\">Plataforma de Cursos:\u00a0<a class=\"external-link wpel-icon-left\" href=\"https:\/\/cursos.fabriciolima.net\/\" target=\"_blank\" rel=\"noopener external noreferrer nofollow\" data-wpel-link=\"external\">https:\/\/cursos.powertuning.com.br\/<\/a><\/p>\n<h5><\/h5>\n<h5><strong>Canal no Youtube<\/strong><\/h5>\n<p class=\"swift-in-viewport\">Diminu\u00edmos o ritmo das lives e v\u00eddeos no Youtube. Mas o canal segue crescendo.<\/p>\n<p class=\"swift-in-viewport\">N\u00fameros do post do ano passado:<\/p>\n<ul class=\"swift-in-viewport\">\n<li>Visualiza\u00e7\u00f5es:\u00a0<strong>17.267<\/strong><\/li>\n<li>Tempo de exibi\u00e7\u00e3o:\u00a0<strong>3.100 horas<\/strong><\/li>\n<li>Inscritos:\u00a0<strong>1.102<\/strong><\/li>\n<\/ul>\n<p class=\"swift-in-viewport\">N\u00fameros desse ano:<\/p>\n<ul class=\"swift-in-viewport\">\n<li>Visualiza\u00e7\u00f5es:\u00a0<strong>58.176<\/strong><\/li>\n<li>Tempo de exibi\u00e7\u00e3o:\u00a0<strong>7.792 horas<\/strong><\/li>\n<li>Inscritos:\u00a0<strong>2.120<\/strong><\/li>\n<\/ul>\n<p class=\"swift-in-viewport\">Se inscrevam em nosso canal:\u00a0<a class=\"external-link wpel-icon-left\" href=\"https:\/\/www.youtube.com\/channel\/UCvz12BbOXa7nJ-zbkQ6tI6A\" target=\"_blank\" rel=\"noopener noreferrer nofollow external\" data-wpel-link=\"external\">Canal Power Tuning<\/a><\/p>\n<h5><strong>Microsoft Partner Gold<\/strong><\/h5>\n<p class=\"swift-in-viewport\">Em 2019 nos tornamos Microsoft Gold Partner na categoria Data Platform.<\/p>\n<p class=\"swift-in-viewport\">Em 2020 nos tornamos Microsoft Gold Partner na categoria Data Analytics.<\/p>\n<p class=\"swift-in-viewport\">Mais uma vez renovamos essas 2 categorias de Gold Partner.<\/p>\n<h5><strong>Nossos n\u00fameros<\/strong><\/h5>\n<ul class=\"swift-in-viewport\">\n<li>Fechamos 6 anos com\u00a0<strong>21 consultores<\/strong>,\u00a0<strong>304 clientes<\/strong>\u00a0distintos atendidos e\u00a0<strong>73 clientes fixos<\/strong>\u00a0com suporte e monitoramento mensal.<\/li>\n<li>Fechamos 7 anos com\u00a0<strong>41\u00a0consultores<\/strong>,\u00a0<strong>390 clientes<\/strong>\u00a0distintos atendidos,\u00a0<strong>100 clientes fixos<\/strong>\u00a0com suporte e monitoramento mensal e\u00a0<strong>2.601 alunos<\/strong>\u00a0na plataforma de cursos.<\/li>\n<li>Agora com 8 anos temos\u00a0<strong>49 consultores<\/strong>,\u00a0<strong>500\u00a0clientes<\/strong>\u00a0distintos atendidos,\u00a0<strong>122 clientes fixos<\/strong>\u00a0com suporte e monitoramento mensal e\u00a0<strong>3.549 alunos<\/strong>\u00a0na plataforma de cursos.<\/li>\n<\/ul>\n<p class=\"swift-in-viewport\"><strong>Resumo:<\/strong><\/p>\n<ul class=\"swift-in-viewport\">\n<li>19% de crescimento no n\u00famero de consultores<\/li>\n<li>28% de crescimento no n\u00famero de clientes<\/li>\n<li>22% de crescimento no n\u00famero de clientes com suporte e monitoramento mensal<\/li>\n<li>36% de crescimento no n\u00fameros de alunos na plataforma<\/li>\n<\/ul>\n<h5><strong>Power Babies<\/strong><\/h5>\n<p class=\"swift-in-viewport\">Nesses \u00faltimos 365 dias tamb\u00e9m batemos o recorde hist\u00f3rico de Power Babies!!! (Se n\u00e3o perdi as contas foram 6)<\/p>\n<p class=\"swift-in-viewport\">Coincidentemente, a natalidade da Power Tuning explodiu depois da folga no dia do anivers\u00e1rio do filho (ou \u00e9 a \u00e1gua do escrit\u00f3rio). kkkkk<\/p>\n<p class=\"swift-in-viewport\">N\u00e3o poderia deixar de registrar aqui um bem vindo muito especial a todos eles. Muita sa\u00fade e felicidade para as fam\u00edlias.<\/p>\n<p class=\"swift-in-viewport\">Lia representando nossos novos Power Babies:<\/p>\n<p><img loading=\"lazy\" decoding=\"async\" data-attachment-id=\"1784\" data-permalink=\"https:\/\/powertuning.com.br\/blog\/8-anos-de-power-tuning-chegamos-a-marca-de-500-empresas-atendidas\/7-4\/\" data-orig-file=\"https:\/\/powertuning.com.br\/blog\/wp-content\/uploads\/2022\/07\/7.jpeg\" data-orig-size=\"410,729\" data-comments-opened=\"0\" data-image-meta=\"{&quot;aperture&quot;:&quot;0&quot;,&quot;credit&quot;:&quot;&quot;,&quot;camera&quot;:&quot;&quot;,&quot;caption&quot;:&quot;&quot;,&quot;created_timestamp&quot;:&quot;0&quot;,&quot;copyright&quot;:&quot;&quot;,&quot;focal_length&quot;:&quot;0&quot;,&quot;iso&quot;:&quot;0&quot;,&quot;shutter_speed&quot;:&quot;0&quot;,&quot;title&quot;:&quot;&quot;,&quot;orientation&quot;:&quot;0&quot;}\" data-image-title=\"7\" data-image-description=\"\" data-image-caption=\"\" data-large-file=\"https:\/\/powertuning.com.br\/blog\/wp-content\/uploads\/2022\/07\/7.jpeg\" class=\"size-full wp-image-1784 aligncenter\" src=\"https:\/\/powertuning.com.br\/blog\/wp-content\/uploads\/2022\/07\/7.jpeg\" alt=\"\" width=\"410\" height=\"729\" srcset=\"https:\/\/powertuning.com.br\/blog\/wp-content\/uploads\/2022\/07\/7.jpeg 410w, https:\/\/powertuning.com.br\/blog\/wp-content\/uploads\/2022\/07\/7-169x300.jpeg 169w, https:\/\/powertuning.com.br\/blog\/wp-content\/uploads\/2022\/07\/7-11x20.jpeg 11w\" sizes=\"auto, (max-width: 410px) 100vw, 410px\" \/><\/p>\n<h5><strong>Destaques para o pr\u00f3ximo ano<\/strong><\/h5>\n<p class=\"swift-in-viewport\">Vem a\u00ed o Power Alerts V3 com gr\u00e1ficos. (nosso novo filho est\u00e1 nascendo)<\/p>\n<p class=\"swift-in-viewport\">Vamos mudar de patamar com rela\u00e7\u00e3o ao monitoramento de nossos clientes.<\/p>\n<p class=\"swift-in-viewport\">E como o produto ficou muito bom, em um segundo momento, tamb\u00e9m ser\u00e1 vendido para clientes que a Power Tuning n\u00e3o tem um contrato de suporte e monitoramento.<\/p>\n<p class=\"swift-in-viewport\">O Power Stats j\u00e1 come\u00e7ou a ser implantado em alguns clientes e no pr\u00f3ximo ano chega a todos os nossos clientes. Tamb\u00e9m devemos vender como um produto para quem n\u00e3o \u00e9 cliente mensal da Power Tuning.<\/p>\n<p class=\"swift-in-viewport\">O Power Stats \u00e9 uma nova rotina exclusiva desenvolvida pelo\u00a0<strong>Fabiano Amorim<\/strong>\u00a0e com um upgrade realizado pelo\u00a0<strong>Rodrigo Ribeiro<\/strong>\u00a0para atualizar o m\u00e1ximo de estat\u00edsticas poss\u00edveis do seu ambiente com um controle para n\u00e3o impactar no uso de recursos do servidor.<\/p>\n<p class=\"swift-in-viewport\">\u00c9 isso a\u00ed pessoal, muito obrigado a todas as mensagens que recebemos a cada conquista que realizamos em nossa empresa.<\/p>\n<p class=\"swift-in-viewport\">Vamos que vamos para mais 365 dias de muito trabalho com esse grande Time. Sem um time bom e forte, a Power Tuning n\u00e3o cresceria nada, obrigado galera!<\/p>\n<p class=\"swift-in-viewport\"><strong>GO GO GO<\/strong><\/p>\n<p class=\"swift-in-viewport\"><strong>#soupowertuning\u00a0<\/strong><\/p>\n<p class=\"swift-in-viewport\">Abra\u00e7os,<\/p>\n<p class=\"swift-in-viewport\">Fabr\u00edcio Lima<\/p>\n<p class=\"swift-in-viewport\">CEO Power Tuning<\/p>\n<p class=\"swift-in-viewport\">Microsoft Data Platform MVP<\/p>\n<p class=\"swift-in-viewport\">Instagram:\u00a0<a class=\"external-link wpel-icon-left\" href=\"https:\/\/www.instagram.com\/fabriciofrancalima\/\" target=\"_blank\" rel=\"noopener external noreferrer nofollow\" data-wpel-link=\"external\">@fabriciofrancalima<\/a><\/p>\n<p class=\"swift-in-viewport\">Linkedin:\u00a0<a class=\"external-link wpel-icon-left\" href=\"https:\/\/www.linkedin.com\/in\/fabriciofrancalima\/\" target=\"_blank\" rel=\"noopener noreferrer external nofollow\" data-wpel-link=\"external\">https:\/\/www.linkedin.com\/in\/fabriciofrancalima\/<\/a><\/p>\n<p class=\"swift-in-viewport\">Consultoria:\u00a0comercial@powertuning.com.br<\/p>\n","protected":false},"excerpt":{"rendered":"<p>Fala Pessoal, Esse \u00e9 meu tradicional post de anivers\u00e1rio de empresa. Vai que um dia viramos algu\u00e9m muito grande, j\u00e1 tem hist\u00f3ria escrita aqui para um livro\u2026 rsrsrs Post de 7 anos de empresa:\u00a0https:\/\/www.fabriciolima.net\/blog\/2021\/07\/03\/7-anos-de-power-tuning-praticamente-dobramos-os-consultores\/ Ent\u00e3o vamos aos fatos mais marcantes dos \u00faltimos 365 dias: Acontecimentos do ano O mercado de trabalho de TI continua muito&hellip; <br \/> <a class=\"read-more\" href=\"https:\/\/powertuning.com.br\/blog\/8-anos-de-power-tuning-chegamos-a-marca-de-500-empresas-atendidas\/\">Leia mais<\/a><\/p>\n","protected":false},"author":6,"featured_media":1778,"comment_status":"open","ping_status":"closed","sticky":false,"template":"","format":"standard","meta":{"content-type":"","_exactmetrics_skip_tracking":false,"_exactmetrics_sitenote_active":false,"_exactmetrics_sitenote_note":"","_exactmetrics_sitenote_category":0,"jetpack_post_was_ever_published":false,"_jetpack_newsletter_access":"","_jetpack_dont_email_post_to_subs":false,"_jetpack_newsletter_tier_id":0,"_jetpack_memberships_contains_paywalled_content":false,"_jetpack_memberships_contains_paid_content":false,"footnotes":""},"categories":[7,1],"tags":[],"class_list":["post-1777","post","type-post","status-publish","format-standard","has-post-thumbnail","hentry","category-noticias","category-sem-categoria"],"jetpack_featured_media_url":"https:\/\/powertuning.com.br\/blog\/wp-content\/uploads\/2022\/07\/1.jpg","jetpack_sharing_enabled":true,"_links":{"self":[{"href":"https:\/\/powertuning.com.br\/blog\/wp-json\/wp\/v2\/posts\/1777","targetHints":{"allow":["GET"]}}],"collection":[{"href":"https:\/\/powertuning.com.br\/blog\/wp-json\/wp\/v2\/posts"}],"about":[{"href":"https:\/\/powertuning.com.br\/blog\/wp-json\/wp\/v2\/types\/post"}],"author":[{"embeddable":true,"href":"https:\/\/powertuning.com.br\/blog\/wp-json\/wp\/v2\/users\/6"}],"replies":[{"embeddable":true,"href":"https:\/\/powertuning.com.br\/blog\/wp-json\/wp\/v2\/comments?post=1777"}],"version-history":[{"count":3,"href":"https:\/\/powertuning.com.br\/blog\/wp-json\/wp\/v2\/posts\/1777\/revisions"}],"predecessor-version":[{"id":1787,"href":"https:\/\/powertuning.com.br\/blog\/wp-json\/wp\/v2\/posts\/1777\/revisions\/1787"}],"wp:featuredmedia":[{"embeddable":true,"href":"https:\/\/powertuning.com.br\/blog\/wp-json\/wp\/v2\/media\/1778"}],"wp:attachment":[{"href":"https:\/\/powertuning.com.br\/blog\/wp-json\/wp\/v2\/media?parent=1777"}],"wp:term":[{"taxonomy":"category","embeddable":true,"href":"https:\/\/powertuning.com.br\/blog\/wp-json\/wp\/v2\/categories?post=1777"},{"taxonomy":"post_tag","embeddable":true,"href":"https:\/\/powertuning.com.br\/blog\/wp-json\/wp\/v2\/tags?post=1777"}],"curies":[{"name":"wp","href":"https:\/\/api.w.org\/{rel}","templated":true}]}}